{"id":13543,"date":"2020-01-01T10:00:00","date_gmt":"2020-01-01T09:00:00","guid":{"rendered":"https:\/\/almanimal.com\/?p=13543"},"modified":"2019-12-31T19:42:01","modified_gmt":"2019-12-31T18:42:01","slug":"quelles-races-de-chiens-perdent-le-moins-de-poils","status":"publish","type":"post","link":"https:\/\/almanimal.com\/fr\/races-de-chiens\/quelles-races-de-chiens-perdent-le-moins-de-poils\/","title":{"rendered":"Quelles sont les races de chiens qui perdent le moins de poils et celles qui en perdent le plus ?"},"content":{"rendered":"<p>Vous r\u00eavez d&#039;un chien, mais l&#039;id\u00e9e qu&#039;il laisse des poils partout ne vous tente pas ? Pas de panique : votre relation avec ces adorables compagnons ne doit pas forc\u00e9ment se terminer en rouleaux anti-peluches ou en crises d&#039;\u00e9ternuements. <strong>Il existe de nombreuses races de chiens qui perdent moins de poils que d\u2019autres.<\/strong> et peut faciliter la vie des personnes allergiques (et des propri\u00e9taires obs\u00e9d\u00e9s par la propret\u00e9).<\/p>\n\n\n\n\n\n<p>Il faut n\u00e9anmoins garder \u00e0 l&#039;esprit qu&#039;aucun chien n&#039;est hypoallerg\u00e9nique \u00e0 100%, m\u00eame si les races que nous allons mentionner ont un <a href=\"https:\/\/almanimal.com\/fr\/races-de-chats\/quelles-races-de-chats-perdent-le-moins-de-poils\/\">fourrure qui ne perd pas ses poils<\/a>, qui produit beaucoup moins de squames (pr\u00e9sentes dans les poils d&#039;animaux) et qui <strong>peut provoquer moins de sympt\u00f4mes d&#039;allergie<\/strong>Ci-dessous, nous vous montrons quelles races de chiens perdent le moins de poils.<\/p>\n\n\n\n<h2 class=\"wp-block-heading\">Les 5 races de chiens qui perdent le moins de poils<\/h2>\n\n\n\n<h3 class=\"wp-block-heading\">Chien d&#039;eau (ou turc espagnol)<\/h3>\n\n\n\n<p>Ces chiens au poil boucl\u00e9 sont sociables, sensibles et r\u00e9agissent bien aux instructions, ce qui les rend id\u00e9aux pour les familles avec enfants et autres animaux.<strong>L&#039;esp\u00e9rance de vie est de 10 \u00e0 14 ans et c&#039;est la race parfaite pour une personne active \u00e0 la recherche d&#039;un compagnon aventureux mais affectueux.<\/strong>.<\/p>\n\n\n\n<div class=\"wp-block-image\"><figure class=\"aligncenter size-large\"><img fetchpriority=\"high\" decoding=\"async\" width=\"1000\" height=\"563\" src=\"https:\/\/almanimal.com\/wp-content\/uploads\/2019\/12\/perro-agua-1000x563.jpg\" alt=\"Chien d&#039;eau\" class=\"wp-image-13544\" srcset=\"https:\/\/almanimal.com\/wp-content\/uploads\/2019\/12\/perro-agua-1000x563.jpg 1000w, https:\/\/almanimal.com\/wp-content\/uploads\/2019\/12\/perro-agua-300x169.jpg 300w, https:\/\/almanimal.com\/wp-content\/uploads\/2019\/12\/perro-agua-768x432.jpg 768w, https:\/\/almanimal.com\/wp-content\/uploads\/2019\/12\/perro-agua.jpg 1280w\" sizes=\"(max-width: 1000px) 100vw, 1000px\" \/><\/figure><\/div>\n\n\n\n<p> Les anc\u00eatres du chien d&#039;eau \u00e9taient des chiens de berger d&#039;Asie centrale, connus pour leur attirance pour l&#039;eau. Ils \u00e9taient utilis\u00e9s pour rassembler les poissons dans les filets et m\u00eame pour r\u00e9cup\u00e9rer les engins perdus. Le pelage ondul\u00e9 du chien d&#039;eau<strong> n\u00e9cessite un brossage et une coupe r\u00e9guliers pour \u00e9viter les n\u0153uds<\/strong>.<\/p>\n\n\n\n<h3 class=\"wp-block-heading\">Caniche<\/h3>\n\n\n\n<p>Si l&#039;on recherche les races de chiens qui perdent le moins de poils, le caniche se d\u00e9marque. Ce chien, <strong>Il vit de 10 \u00e0 13 ans, est originaire d&#039;Allemagne mais a gagn\u00e9 en popularit\u00e9 dans toute l&#039;Europe.<\/strong>, devenant tr\u00e8s connu dans le monde de la haute couture, au point qu&#039;il est m\u00eame le chien national de la France.<\/p>\n\n\n\n<p>Ces chiens intelligents aiment l&#039;eau et passer beaucoup de temps dehors. D&#039;ailleurs, le mot \u00ab\u00a0caniche\u00a0\u00bb (<em>caniche<\/em> (en anglais) vient du mot allemand \u00ab<em>flaque<\/em>&quot;, ce qui signifie &quot;\u00e9clabousser dans l&#039;eau&quot;.<\/p>\n\n\n\n<div class=\"wp-block-image\"><figure class=\"aligncenter size-large\"><img decoding=\"async\" width=\"1000\" height=\"621\" src=\"https:\/\/almanimal.com\/wp-content\/uploads\/2019\/12\/caniche-1000x621.jpg\" alt=\"Le caniche, l&#039;une des races de chiens qui perdent le moins de poils\" class=\"wp-image-13545\" srcset=\"https:\/\/almanimal.com\/wp-content\/uploads\/2019\/12\/caniche-1000x621.jpg 1000w, https:\/\/almanimal.com\/wp-content\/uploads\/2019\/12\/caniche-300x186.jpg 300w, https:\/\/almanimal.com\/wp-content\/uploads\/2019\/12\/caniche-768x477.jpg 768w, https:\/\/almanimal.com\/wp-content\/uploads\/2019\/12\/caniche.jpg 1300w\" sizes=\"(max-width: 1000px) 100vw, 1000px\" \/><\/figure><\/div>\n\n\n\n<p>Les coupes de cheveux distinctives des caniches ont \u00e9t\u00e9 con\u00e7ues pour des raisons pratiques. <strong>Sa fourrure \u00e9paisse devient lourde lorsqu&#039;elle est mouill\u00e9e<\/strong>, les propri\u00e9taires ont commenc\u00e9 \u00e0 raser la moiti\u00e9 inf\u00e9rieure de leur corps pour aider les chiens \u00e0 nager. <\/p>\n\n\n\n<p>Les <strong>Les poils le long de la poitrine et de la t\u00eate \u00e9taient maintenus longs pour garder les organes vitaux du chien au chaud dans les eaux froides.<\/strong>La fourrure des chevilles du caniche \u00e9tait laiss\u00e9e pour prot\u00e9ger les articulations, et le toupet servait \u00e0 prot\u00e9ger les yeux des longs poils pendant la baignade. Pour maintenir le pelage en bon \u00e9tat et \u00e9viter sa chute, <strong>le couper r\u00e9guli\u00e8rement, ainsi que le brossage quotidien<\/strong>.<\/p>\n\n\n\n\n\n<h3 class=\"wp-block-heading\">Bichon fris\u00e9<\/h3>\n\n\n\n<p>\u00c9l\u00e9gant et pratique, <strong>Le beau pelage blanc et boucl\u00e9 d&#039;un Bichon Fris\u00e9 ne perd pas beaucoup de poils et produit peu de squames.<\/strong>Ces chiens ont une esp\u00e9rance de vie de 12 \u00e0 14 ans, un temp\u00e9rament joyeux et s&#039;entendent bien avec toutes les personnes et tous les animaux. <\/p>\n\n\n\n<div class=\"wp-block-image\"><figure class=\"aligncenter size-large\"><img decoding=\"async\" width=\"1000\" height=\"667\" src=\"https:\/\/almanimal.com\/wp-content\/uploads\/2019\/12\/bich\u00f3n-fris\u00e9-1000x667.jpg\" alt=\"Bichon fris\u00e9\" class=\"wp-image-13546\" srcset=\"https:\/\/almanimal.com\/wp-content\/uploads\/2019\/12\/bich\u00f3n-fris\u00e9-1000x667.jpg 1000w, https:\/\/almanimal.com\/wp-content\/uploads\/2019\/12\/bich\u00f3n-fris\u00e9-300x200.jpg 300w, https:\/\/almanimal.com\/wp-content\/uploads\/2019\/12\/bich\u00f3n-fris\u00e9-768x512.jpg 768w, https:\/\/almanimal.com\/wp-content\/uploads\/2019\/12\/bich\u00f3n-fris\u00e9-1536x1024.jpg 1536w, https:\/\/almanimal.com\/wp-content\/uploads\/2019\/12\/bich\u00f3n-fris\u00e9.jpg 1656w\" sizes=\"(max-width: 1000px) 100vw, 1000px\" \/><\/figure><\/div>\n\n\n\n<p>Historiquement, ces chiens \u00e9taient des chiens de compagnie pour les marins et <strong>ils aiment l&#039;eau<\/strong>, et bien qu&#039;ils aiment se blottir sur les genoux de leur propri\u00e9taire et se reposer, ils sont toujours actifs et ont besoin d&#039;exercice quotidien. <\/p>\n\n\n\n<p>La longue fourrure blanche de ces chiens <strong>Il doit \u00eatre bross\u00e9 au maximum tous les deux jours et taill\u00e9 tous les deux mois.<\/strong> pour le maintenir en bon \u00e9tat. Si vous cherchez un<strong> petit animal de compagnie hypoallerg\u00e9nique<\/strong>, c&#039;est l&#039;option parfaite. <\/p>\n\n\n\n<h3 class=\"wp-block-heading\">Yorkshire Terrier<\/h3>\n\n\n\n<div class=\"wp-block-image\"><figure class=\"aligncenter size-large\"><img loading=\"lazy\" decoding=\"async\" width=\"1000\" height=\"666\" src=\"https:\/\/almanimal.com\/wp-content\/uploads\/2019\/12\/yorkshire-terrier-2-1000x666.jpg\" alt=\"une autre des races qui perdent le moins de poils\" class=\"wp-image-13547\" srcset=\"https:\/\/almanimal.com\/wp-content\/uploads\/2019\/12\/yorkshire-terrier-2-1000x666.jpg 1000w, https:\/\/almanimal.com\/wp-content\/uploads\/2019\/12\/yorkshire-terrier-2-300x200.jpg 300w, https:\/\/almanimal.com\/wp-content\/uploads\/2019\/12\/yorkshire-terrier-2-768x512.jpg 768w, https:\/\/almanimal.com\/wp-content\/uploads\/2019\/12\/yorkshire-terrier-2.jpg 1160w\" sizes=\"(max-width: 1000px) 100vw, 1000px\" \/><figcaption>Le Yorkshire terrier ment<\/figcaption><\/figure><\/div>\n\n\n\n<p>Malgr\u00e9 leur petite taille, ces <strong>chiens d&#039;origine anglaise <\/strong>Ils sont toujours d\u00e9sireux de vivre des aventures. <em>Yorkshire<\/em>  Ils sont tr\u00e8s curieux et parfaitement <strong>adapt\u00e9 \u00e0 l&#039;exercice en int\u00e9rieur<\/strong>, mais ils ont aussi besoin de stimulation par le jeu ou l&#039;interaction personnelle. Ils appr\u00e9cient une petite promenade en laisse et aiment explorer en toute s\u00e9curit\u00e9.<strong> Le poil long caract\u00e9ristique du Yorkshire Terrier doit \u00eatre bross\u00e9 ou peign\u00e9 tous les deux jours.<\/strong>.<\/p>\n\n\n\n<h3 class=\"wp-block-heading\">Teckel<\/h3>\n\n\n\n<p>Les teckels sont des petits personnages vifs connus pour leurs sabots.<strong>pattes courtes et leurs corps longs distinctifs<\/strong>Cette race amusante et affectueuse a \u00e9t\u00e9 d\u00e9velopp\u00e9e en Allemagne il y a plus de 300 ans pour chasser le blaireau. Son esp\u00e9rance de vie est de 12 \u00e0 16 ans et il s&#039;agit d&#039;une race de chien qui perd tr\u00e8s peu de poils. De plus, gr\u00e2ce \u00e0 son poil court, il ne n\u00e9cessite pratiquement aucun toilettage particulier (hormis une bonne hygi\u00e8ne).<\/p>\n\n\n\n<div class=\"wp-block-image\"><figure class=\"aligncenter size-large\"><img loading=\"lazy\" decoding=\"async\" width=\"1000\" height=\"666\" src=\"https:\/\/almanimal.com\/wp-content\/uploads\/2019\/12\/perro-salchicha-1000x666.jpg\" alt=\"Teckel\" class=\"wp-image-13548\" srcset=\"https:\/\/almanimal.com\/wp-content\/uploads\/2019\/12\/perro-salchicha-1000x666.jpg 1000w, https:\/\/almanimal.com\/wp-content\/uploads\/2019\/12\/perro-salchicha-300x200.jpg 300w, https:\/\/almanimal.com\/wp-content\/uploads\/2019\/12\/perro-salchicha-768x512.jpg 768w, https:\/\/almanimal.com\/wp-content\/uploads\/2019\/12\/perro-salchicha.jpg 1280w\" sizes=\"(max-width: 1000px) 100vw, 1000px\" \/><\/figure><\/div>\n\n\n\n<p>Il convient de noter qu&#039;il existe de nombreux autres chiens qui perdent peu leurs poils, et la liste mentionn\u00e9e n&#039;est pas exhaustive. Par exemple, parmi les <a href=\"https:\/\/almanimal.com\/fr\/races-de-chiens\/caracteristiques-et-comportement-du-chien-boxer\/\">chiens de grande taille<\/a>, <strong>Le l\u00e9vrier, le bullmastiff, le doberman ou le berger anglais sont \u00e9galement des races de chiens qui perdent tr\u00e8s peu de poils.<\/strong>.<\/p>","protected":false},"excerpt":{"rendered":"<p>\u00bfQuieres tener un perro pero la idea de que vaya dejando pelo por todas partes no te entusiasma demasiado? No desesperes: tu relaci\u00f3n con estas simp\u00e1ticas mascotas no tiene por qu\u00e9 terminar en rodillos quitapelusas ni ataques de estornudos, ya que hay muchas razas de perros que sueltan menos pelo que otras y pueden hacer &#8230; <a title=\"Quelles sont les races de chiens qui perdent le moins de poils et celles qui en perdent le plus ?\" class=\"read-more\" href=\"https:\/\/almanimal.com\/fr\/races-de-chiens\/quelles-races-de-chiens-perdent-le-moins-de-poils\/\" aria-label=\"En savoir plus sur \u00bfQu\u00e9 razas de perro sueltan menos pelo y cu\u00e1les sueltan m\u00e1s?\">Lire la suite<\/a><\/p>","protected":false},"author":20,"featured_media":13549,"comment_status":"open","ping_status":"open","sticky":false,"template":"","format":"standard","meta":{"footnotes":""},"categories":[1456],"tags":[1479,1459,1651,1673,1607],"class_list":["post-13543","post","type-post","status-publish","format-standard","has-post-thumbnail","hentry","category-razas-perros","tag-cuidados","tag-destacado","tag-pelo","tag-perros-sin-pelo","tag-razas-perros"],"yoast_head":"<!-- This site is optimized with the Yoast SEO plugin v27.5 - https:\/\/yoast.com\/product\/yoast-seo-wordpress\/ -->\n<title>\u00bfQu\u00e9 razas de perro sueltan menos pelo y cu\u00e1les sueltan m\u00e1s?<\/title>\n<meta name=\"description\" content=\"A continuaci\u00f3n os mostramos cu\u00e1les son las razas de perro que sueltan menos pelo para que peudas tener una mascota sin preocuparte de limpieza ni alergias\" \/>\n<meta name=\"robots\" content=\"index, follow, max-snippet:-1, max-image-preview:large, max-video-preview:-1\" \/>\n<link rel=\"canonical\" href=\"https:\/\/almanimal.com\/fr\/races-de-chiens\/quelles-races-de-chiens-perdent-le-moins-de-poils\/\" \/>\n<meta property=\"og:locale\" content=\"fr_FR\" \/>\n<meta property=\"og:type\" content=\"article\" \/>\n<meta property=\"og:title\" content=\"\u00bfQu\u00e9 razas de perro sueltan menos pelo y cu\u00e1les sueltan m\u00e1s?\" \/>\n<meta property=\"og:description\" content=\"A continuaci\u00f3n os mostramos cu\u00e1les son las razas de perro que sueltan menos pelo para que peudas tener una mascota sin preocuparte de limpieza ni alergias\" \/>\n<meta property=\"og:url\" content=\"https:\/\/almanimal.com\/fr\/races-de-chiens\/quelles-races-de-chiens-perdent-le-moins-de-poils\/\" \/>\n<meta property=\"og:site_name\" content=\"Almanimal\" \/>\n<meta property=\"article:publisher\" content=\"https:\/\/www.facebook.com\/Lugarnia\/\" \/>\n<meta property=\"article:published_time\" content=\"2020-01-01T09:00:00+00:00\" \/>\n<meta property=\"og:image\" content=\"https:\/\/i2.wp.com\/almanimal.com\/wp-content\/uploads\/2019\/12\/galgo.jpg?fit=2500%2C1500&ssl=1\" \/>\n\t<meta property=\"og:image:width\" content=\"2500\" \/>\n\t<meta property=\"og:image:height\" content=\"1500\" \/>\n\t<meta property=\"og:image:type\" content=\"image\/jpeg\" \/>\n<meta name=\"author\" content=\"Iv\u00e1n Fresneda\" \/>\n<meta name=\"twitter:card\" content=\"summary_large_image\" \/>\n<meta name=\"twitter:creator\" content=\"@lugarnia_\" \/>\n<meta name=\"twitter:site\" content=\"@lugarnia_\" \/>\n<meta name=\"twitter:label1\" content=\"\u00c9crit par\" \/>\n\t<meta name=\"twitter:data1\" content=\"Iv\u00e1n Fresneda\" \/>\n\t<meta name=\"twitter:label2\" content=\"Dur\u00e9e de lecture estim\u00e9e\" \/>\n\t<meta name=\"twitter:data2\" content=\"4 minutes\" \/>\n<script type=\"application\/ld+json\" class=\"yoast-schema-graph\">{\"@context\":\"https:\\\/\\\/schema.org\",\"@graph\":[{\"@type\":\"Article\",\"@id\":\"https:\\\/\\\/almanimal.com\\\/razas-perros\\\/que-razas-de-perro-sueltan-menos-pelo\\\/#article\",\"isPartOf\":{\"@id\":\"https:\\\/\\\/almanimal.com\\\/razas-perros\\\/que-razas-de-perro-sueltan-menos-pelo\\\/\"},\"author\":{\"name\":\"Iv\u00e1n Fresneda\",\"@id\":\"https:\\\/\\\/almanimal.com\\\/#\\\/schema\\\/person\\\/6ed186ff065669ae7edab360e747304d\"},\"headline\":\"\u00bfQu\u00e9 razas de perro sueltan menos pelo y cu\u00e1les sueltan m\u00e1s?\",\"datePublished\":\"2020-01-01T09:00:00+00:00\",\"mainEntityOfPage\":{\"@id\":\"https:\\\/\\\/almanimal.com\\\/razas-perros\\\/que-razas-de-perro-sueltan-menos-pelo\\\/\"},\"wordCount\":876,\"commentCount\":0,\"publisher\":{\"@id\":\"https:\\\/\\\/almanimal.com\\\/#organization\"},\"image\":{\"@id\":\"https:\\\/\\\/almanimal.com\\\/razas-perros\\\/que-razas-de-perro-sueltan-menos-pelo\\\/#primaryimage\"},\"thumbnailUrl\":\"https:\\\/\\\/almanimal.com\\\/wp-content\\\/uploads\\\/2019\\\/12\\\/galgo.jpg\",\"keywords\":[\"cuidados\",\"Destacado\",\"pelo\",\"perros sin pelo\",\"razas perros\"],\"articleSection\":[\"Razas Perros\"],\"inLanguage\":\"fr-FR\",\"potentialAction\":[{\"@type\":\"CommentAction\",\"name\":\"Comment\",\"target\":[\"https:\\\/\\\/almanimal.com\\\/razas-perros\\\/que-razas-de-perro-sueltan-menos-pelo\\\/#respond\"]}]},{\"@type\":\"WebPage\",\"@id\":\"https:\\\/\\\/almanimal.com\\\/razas-perros\\\/que-razas-de-perro-sueltan-menos-pelo\\\/\",\"url\":\"https:\\\/\\\/almanimal.com\\\/razas-perros\\\/que-razas-de-perro-sueltan-menos-pelo\\\/\",\"name\":\"\u00bfQu\u00e9 razas de perro sueltan menos pelo y cu\u00e1les sueltan m\u00e1s?\",\"isPartOf\":{\"@id\":\"https:\\\/\\\/almanimal.com\\\/#website\"},\"primaryImageOfPage\":{\"@id\":\"https:\\\/\\\/almanimal.com\\\/razas-perros\\\/que-razas-de-perro-sueltan-menos-pelo\\\/#primaryimage\"},\"image\":{\"@id\":\"https:\\\/\\\/almanimal.com\\\/razas-perros\\\/que-razas-de-perro-sueltan-menos-pelo\\\/#primaryimage\"},\"thumbnailUrl\":\"https:\\\/\\\/almanimal.com\\\/wp-content\\\/uploads\\\/2019\\\/12\\\/galgo.jpg\",\"datePublished\":\"2020-01-01T09:00:00+00:00\",\"description\":\"A continuaci\u00f3n os mostramos cu\u00e1les son las razas de perro que sueltan menos pelo para que peudas tener una mascota sin preocuparte de limpieza ni alergias\",\"breadcrumb\":{\"@id\":\"https:\\\/\\\/almanimal.com\\\/razas-perros\\\/que-razas-de-perro-sueltan-menos-pelo\\\/#breadcrumb\"},\"inLanguage\":\"fr-FR\",\"potentialAction\":[{\"@type\":\"ReadAction\",\"target\":[\"https:\\\/\\\/almanimal.com\\\/razas-perros\\\/que-razas-de-perro-sueltan-menos-pelo\\\/\"]}]},{\"@type\":\"ImageObject\",\"inLanguage\":\"fr-FR\",\"@id\":\"https:\\\/\\\/almanimal.com\\\/razas-perros\\\/que-razas-de-perro-sueltan-menos-pelo\\\/#primaryimage\",\"url\":\"https:\\\/\\\/almanimal.com\\\/wp-content\\\/uploads\\\/2019\\\/12\\\/galgo.jpg\",\"contentUrl\":\"https:\\\/\\\/almanimal.com\\\/wp-content\\\/uploads\\\/2019\\\/12\\\/galgo.jpg\",\"width\":2500,\"height\":1500,\"caption\":\"Galgo, una de las razas de perro que sueltan menos pelo\"},{\"@type\":\"BreadcrumbList\",\"@id\":\"https:\\\/\\\/almanimal.com\\\/razas-perros\\\/que-razas-de-perro-sueltan-menos-pelo\\\/#breadcrumb\",\"itemListElement\":[{\"@type\":\"ListItem\",\"position\":1,\"name\":\"Inicio\",\"item\":\"https:\\\/\\\/almanimal.com\\\/\"},{\"@type\":\"ListItem\",\"position\":2,\"name\":\"Razas Perros\",\"item\":\"https:\\\/\\\/almanimal.com\\\/razas-perros\\\/\"},{\"@type\":\"ListItem\",\"position\":3,\"name\":\"\u00bfQu\u00e9 razas de perro sueltan menos pelo y cu\u00e1les sueltan m\u00e1s?\"}]},{\"@type\":\"WebSite\",\"@id\":\"https:\\\/\\\/almanimal.com\\\/#website\",\"url\":\"https:\\\/\\\/almanimal.com\\\/\",\"name\":\"Almanimal\",\"description\":\"Revista de animales donde hablamos sobre perros, gatos, aves, peque\u00f1os mam\u00edferos, acuarios, terrarios y curiosidades del mundo animal.\",\"publisher\":{\"@id\":\"https:\\\/\\\/almanimal.com\\\/#organization\"},\"potentialAction\":[{\"@type\":\"SearchAction\",\"target\":{\"@type\":\"EntryPoint\",\"urlTemplate\":\"https:\\\/\\\/almanimal.com\\\/?s={search_term_string}\"},\"query-input\":{\"@type\":\"PropertyValueSpecification\",\"valueRequired\":true,\"valueName\":\"search_term_string\"}}],\"inLanguage\":\"fr-FR\"},{\"@type\":\"Organization\",\"@id\":\"https:\\\/\\\/almanimal.com\\\/#organization\",\"name\":\"Almanimal\",\"url\":\"https:\\\/\\\/almanimal.com\\\/\",\"logo\":{\"@type\":\"ImageObject\",\"inLanguage\":\"fr-FR\",\"@id\":\"https:\\\/\\\/almanimal.com\\\/#\\\/schema\\\/logo\\\/image\\\/\",\"url\":\"https:\\\/\\\/i2.wp.com\\\/almanimal.com\\\/wp-content\\\/uploads\\\/2019\\\/10\\\/almanimal_logo-nav-3.png?fit=400%2C100&ssl=1\",\"contentUrl\":\"https:\\\/\\\/i2.wp.com\\\/almanimal.com\\\/wp-content\\\/uploads\\\/2019\\\/10\\\/almanimal_logo-nav-3.png?fit=400%2C100&ssl=1\",\"width\":400,\"height\":100,\"caption\":\"Almanimal\"},\"image\":{\"@id\":\"https:\\\/\\\/almanimal.com\\\/#\\\/schema\\\/logo\\\/image\\\/\"},\"sameAs\":[\"https:\\\/\\\/www.facebook.com\\\/Lugarnia\\\/\",\"https:\\\/\\\/x.com\\\/lugarnia_\",\"https:\\\/\\\/www.instagram.com\\\/lugarnia\\\/\"]},{\"@type\":\"Person\",\"@id\":\"https:\\\/\\\/almanimal.com\\\/#\\\/schema\\\/person\\\/6ed186ff065669ae7edab360e747304d\",\"name\":\"Iv\u00e1n Fresneda\",\"image\":{\"@type\":\"ImageObject\",\"inLanguage\":\"fr-FR\",\"@id\":\"https:\\\/\\\/secure.gravatar.com\\\/avatar\\\/679537483addce5c0f78eeeee0668dd50e7ac9271515218de2d0dc202748741c?s=96&d=mm&r=g\",\"url\":\"https:\\\/\\\/secure.gravatar.com\\\/avatar\\\/679537483addce5c0f78eeeee0668dd50e7ac9271515218de2d0dc202748741c?s=96&d=mm&r=g\",\"contentUrl\":\"https:\\\/\\\/secure.gravatar.com\\\/avatar\\\/679537483addce5c0f78eeeee0668dd50e7ac9271515218de2d0dc202748741c?s=96&d=mm&r=g\",\"caption\":\"Iv\u00e1n Fresneda\"},\"url\":\"https:\\\/\\\/almanimal.com\\\/fr\\\/author\\\/ivanfc\\\/\"}]}<\/script>\n<!-- \/ Yoast SEO plugin. -->","yoast_head_json":{"title":"\u00bfQu\u00e9 razas de perro sueltan menos pelo y cu\u00e1les sueltan m\u00e1s?","description":"A continuaci\u00f3n os mostramos cu\u00e1les son las razas de perro que sueltan menos pelo para que peudas tener una mascota sin preocuparte de limpieza ni alergias","robots":{"index":"index","follow":"follow","max-snippet":"max-snippet:-1","max-image-preview":"max-image-preview:large","max-video-preview":"max-video-preview:-1"},"canonical":"https:\/\/almanimal.com\/fr\/races-de-chiens\/quelles-races-de-chiens-perdent-le-moins-de-poils\/","og_locale":"fr_FR","og_type":"article","og_title":"\u00bfQu\u00e9 razas de perro sueltan menos pelo y cu\u00e1les sueltan m\u00e1s?","og_description":"A continuaci\u00f3n os mostramos cu\u00e1les son las razas de perro que sueltan menos pelo para que peudas tener una mascota sin preocuparte de limpieza ni alergias","og_url":"https:\/\/almanimal.com\/fr\/races-de-chiens\/quelles-races-de-chiens-perdent-le-moins-de-poils\/","og_site_name":"Almanimal","article_publisher":"https:\/\/www.facebook.com\/Lugarnia\/","article_published_time":"2020-01-01T09:00:00+00:00","og_image":[{"width":2500,"height":1500,"url":"https:\/\/i2.wp.com\/almanimal.com\/wp-content\/uploads\/2019\/12\/galgo.jpg?fit=2500%2C1500&ssl=1","type":"image\/jpeg"}],"author":"Iv\u00e1n Fresneda","twitter_card":"summary_large_image","twitter_creator":"@lugarnia_","twitter_site":"@lugarnia_","twitter_misc":{"\u00c9crit par":"Iv\u00e1n Fresneda","Dur\u00e9e de lecture estim\u00e9e":"4 minutes"},"schema":{"@context":"https:\/\/schema.org","@graph":[{"@type":"Article","@id":"https:\/\/almanimal.com\/razas-perros\/que-razas-de-perro-sueltan-menos-pelo\/#article","isPartOf":{"@id":"https:\/\/almanimal.com\/razas-perros\/que-razas-de-perro-sueltan-menos-pelo\/"},"author":{"name":"Iv\u00e1n Fresneda","@id":"https:\/\/almanimal.com\/#\/schema\/person\/6ed186ff065669ae7edab360e747304d"},"headline":"\u00bfQu\u00e9 razas de perro sueltan menos pelo y cu\u00e1les sueltan m\u00e1s?","datePublished":"2020-01-01T09:00:00+00:00","mainEntityOfPage":{"@id":"https:\/\/almanimal.com\/razas-perros\/que-razas-de-perro-sueltan-menos-pelo\/"},"wordCount":876,"commentCount":0,"publisher":{"@id":"https:\/\/almanimal.com\/#organization"},"image":{"@id":"https:\/\/almanimal.com\/razas-perros\/que-razas-de-perro-sueltan-menos-pelo\/#primaryimage"},"thumbnailUrl":"https:\/\/almanimal.com\/wp-content\/uploads\/2019\/12\/galgo.jpg","keywords":["cuidados","Destacado","pelo","perros sin pelo","razas perros"],"articleSection":["Razas Perros"],"inLanguage":"fr-FR","potentialAction":[{"@type":"CommentAction","name":"Comment","target":["https:\/\/almanimal.com\/razas-perros\/que-razas-de-perro-sueltan-menos-pelo\/#respond"]}]},{"@type":"WebPage","@id":"https:\/\/almanimal.com\/razas-perros\/que-razas-de-perro-sueltan-menos-pelo\/","url":"https:\/\/almanimal.com\/razas-perros\/que-razas-de-perro-sueltan-menos-pelo\/","name":"\u00bfQu\u00e9 razas de perro sueltan menos pelo y cu\u00e1les sueltan m\u00e1s?","isPartOf":{"@id":"https:\/\/almanimal.com\/#website"},"primaryImageOfPage":{"@id":"https:\/\/almanimal.com\/razas-perros\/que-razas-de-perro-sueltan-menos-pelo\/#primaryimage"},"image":{"@id":"https:\/\/almanimal.com\/razas-perros\/que-razas-de-perro-sueltan-menos-pelo\/#primaryimage"},"thumbnailUrl":"https:\/\/almanimal.com\/wp-content\/uploads\/2019\/12\/galgo.jpg","datePublished":"2020-01-01T09:00:00+00:00","description":"A continuaci\u00f3n os mostramos cu\u00e1les son las razas de perro que sueltan menos pelo para que peudas tener una mascota sin preocuparte de limpieza ni alergias","breadcrumb":{"@id":"https:\/\/almanimal.com\/razas-perros\/que-razas-de-perro-sueltan-menos-pelo\/#breadcrumb"},"inLanguage":"fr-FR","potentialAction":[{"@type":"ReadAction","target":["https:\/\/almanimal.com\/razas-perros\/que-razas-de-perro-sueltan-menos-pelo\/"]}]},{"@type":"ImageObject","inLanguage":"fr-FR","@id":"https:\/\/almanimal.com\/razas-perros\/que-razas-de-perro-sueltan-menos-pelo\/#primaryimage","url":"https:\/\/almanimal.com\/wp-content\/uploads\/2019\/12\/galgo.jpg","contentUrl":"https:\/\/almanimal.com\/wp-content\/uploads\/2019\/12\/galgo.jpg","width":2500,"height":1500,"caption":"Galgo, una de las razas de perro que sueltan menos pelo"},{"@type":"BreadcrumbList","@id":"https:\/\/almanimal.com\/razas-perros\/que-razas-de-perro-sueltan-menos-pelo\/#breadcrumb","itemListElement":[{"@type":"ListItem","position":1,"name":"Inicio","item":"https:\/\/almanimal.com\/"},{"@type":"ListItem","position":2,"name":"Razas Perros","item":"https:\/\/almanimal.com\/razas-perros\/"},{"@type":"ListItem","position":3,"name":"\u00bfQu\u00e9 razas de perro sueltan menos pelo y cu\u00e1les sueltan m\u00e1s?"}]},{"@type":"WebSite","@id":"https:\/\/almanimal.com\/#website","url":"https:\/\/almanimal.com\/","name":"Almanimal","description":"Revista de animales donde hablamos sobre perros, gatos, aves, peque\u00f1os mam\u00edferos, acuarios, terrarios y curiosidades del mundo animal.","publisher":{"@id":"https:\/\/almanimal.com\/#organization"},"potentialAction":[{"@type":"SearchAction","target":{"@type":"EntryPoint","urlTemplate":"https:\/\/almanimal.com\/?s={search_term_string}"},"query-input":{"@type":"PropertyValueSpecification","valueRequired":true,"valueName":"search_term_string"}}],"inLanguage":"fr-FR"},{"@type":"Organization","@id":"https:\/\/almanimal.com\/#organization","name":"Almanimal","url":"https:\/\/almanimal.com\/","logo":{"@type":"ImageObject","inLanguage":"fr-FR","@id":"https:\/\/almanimal.com\/#\/schema\/logo\/image\/","url":"https:\/\/i2.wp.com\/almanimal.com\/wp-content\/uploads\/2019\/10\/almanimal_logo-nav-3.png?fit=400%2C100&ssl=1","contentUrl":"https:\/\/i2.wp.com\/almanimal.com\/wp-content\/uploads\/2019\/10\/almanimal_logo-nav-3.png?fit=400%2C100&ssl=1","width":400,"height":100,"caption":"Almanimal"},"image":{"@id":"https:\/\/almanimal.com\/#\/schema\/logo\/image\/"},"sameAs":["https:\/\/www.facebook.com\/Lugarnia\/","https:\/\/x.com\/lugarnia_","https:\/\/www.instagram.com\/lugarnia\/"]},{"@type":"Person","@id":"https:\/\/almanimal.com\/#\/schema\/person\/6ed186ff065669ae7edab360e747304d","name":"Iv\u00e1n Fresneda","image":{"@type":"ImageObject","inLanguage":"fr-FR","@id":"https:\/\/secure.gravatar.com\/avatar\/679537483addce5c0f78eeeee0668dd50e7ac9271515218de2d0dc202748741c?s=96&d=mm&r=g","url":"https:\/\/secure.gravatar.com\/avatar\/679537483addce5c0f78eeeee0668dd50e7ac9271515218de2d0dc202748741c?s=96&d=mm&r=g","contentUrl":"https:\/\/secure.gravatar.com\/avatar\/679537483addce5c0f78eeeee0668dd50e7ac9271515218de2d0dc202748741c?s=96&d=mm&r=g","caption":"Iv\u00e1n Fresneda"},"url":"https:\/\/almanimal.com\/fr\/author\/ivanfc\/"}]}},"_links":{"self":[{"href":"https:\/\/almanimal.com\/fr\/wp-json\/wp\/v2\/posts\/13543","targetHints":{"allow":["GET"]}}],"collection":[{"href":"https:\/\/almanimal.com\/fr\/wp-json\/wp\/v2\/posts"}],"about":[{"href":"https:\/\/almanimal.com\/fr\/wp-json\/wp\/v2\/types\/post"}],"author":[{"embeddable":true,"href":"https:\/\/almanimal.com\/fr\/wp-json\/wp\/v2\/users\/20"}],"replies":[{"embeddable":true,"href":"https:\/\/almanimal.com\/fr\/wp-json\/wp\/v2\/comments?post=13543"}],"version-history":[{"count":0,"href":"https:\/\/almanimal.com\/fr\/wp-json\/wp\/v2\/posts\/13543\/revisions"}],"wp:featuredmedia":[{"embeddable":true,"href":"https:\/\/almanimal.com\/fr\/wp-json\/wp\/v2\/media\/13549"}],"wp:attachment":[{"href":"https:\/\/almanimal.com\/fr\/wp-json\/wp\/v2\/media?parent=13543"}],"wp:term":[{"taxonomy":"category","embeddable":true,"href":"https:\/\/almanimal.com\/fr\/wp-json\/wp\/v2\/categories?post=13543"},{"taxonomy":"post_tag","embeddable":true,"href":"https:\/\/almanimal.com\/fr\/wp-json\/wp\/v2\/tags?post=13543"}],"curies":[{"name":"wp","href":"https:\/\/api.w.org\/{rel}","templated":true}]}}