{"id":15288,"date":"2020-05-12T12:38:00","date_gmt":"2020-05-12T10:38:00","guid":{"rendered":"https:\/\/almanimal.com\/?p=15288"},"modified":"2020-05-11T20:28:02","modified_gmt":"2020-05-11T18:28:02","slug":"chien-avec-des-cauchemars","status":"publish","type":"post","link":"https:\/\/almanimal.com\/fr\/education-et-soins-canins\/chien-avec-des-cauchemars\/","title":{"rendered":"Chien qui fait des cauchemars : vaut-il mieux le r\u00e9veiller ou le laisser dormir ?"},"content":{"rendered":"<p>Nous tous qui avons des chiens avons \u00e9t\u00e9 t\u00e9moins \u00e0 de nombreuses reprises que <strong>notre chien fait des r\u00eaves d\u00e9sagr\u00e9ables<\/strong>. De cette fa\u00e7on, nous voyons que son corps subit des mouvements brusques, l&#039;animal \u00e9met des grognements et il devient \u00e9vident qu&#039;il traverse un moment amer. Mais, \u00e0 un moment <strong>chien avec des cauchemars<\/strong> Faut-il le r\u00e9veiller\u00a0? C&#039;est le sujet que nous aborderons tout au long de cet article pour que vous sachiez quoi faire si vous vous trouvez dans cette situation.<\/p>\n\n\n\n<h2 class=\"wp-block-heading\">R\u00e9veiller un chien avec des cauchemars<\/h2>\n\n\n\n<p>Il n\u2019est pas rare d\u2019\u00eatre t\u00e9moin d\u2019un <strong>chien avec des cauchemars<\/strong>Les \u00eatres vivants ressentent et exp\u00e9rimentent des choses. Tout cela se refl\u00e8te dans leur subconscient pendant leur sommeil. Tout comme chez les humains, <strong>Les animaux \u00e9vacuent \u00e9galement le stress et les soucis pendant leur repos<\/strong>C&#039;est pourquoi les r\u00eaves d\u00e9sagr\u00e9ables apparaissent et les r\u00e9actions sont imm\u00e9diates. Nous savons que notre chien traverse une mauvaise passe, mais que faire\u00a0? Cette section vous explique tout.<\/p>\n\n\n\n<h3 class=\"wp-block-heading\">R\u00e9agir face \u00e0 un chien qui fait des cauchemars<\/h3>\n\n\n\n<p>Quand <strong>notre chien fait des cauchemars<\/strong> Il bouge les oreilles, les pattes et entrouvre m\u00eame les yeux. Il est dans une phase de sommeil tr\u00e8s profond, et s&#039;il a tr\u00e8s peur, on l&#039;entend pleurer. Notre premi\u00e8re r\u00e9action est de vouloir le r\u00e9veiller pour qu&#039;il cesse de ressentir cette accumulation de sensations d\u00e9sagr\u00e9ables, mais le faisons-nous bien\u00a0? La r\u00e9ponse est non.<strong> Il ne faut pas oublier que l\u2019animal \u00e0 ce moment-l\u00e0 n\u2019est pas conscient de l\u2019endroit o\u00f9 il se trouve et que ses r\u00e9actions sont impulsives.<\/strong>Ainsi, aussi docile soit-il, il ne serait pas \u00e9trange que l&#039;animal r\u00e9agisse en nous attaquant par r\u00e9flexe. Il faut \u00eatre clair que <strong>notre animal de compagnie sera effray\u00e9 et confus<\/strong> apr\u00e8s avoir fait un cauchemar. C&#039;est pourquoi nous avons souvent h\u00e2te qu&#039;ils se r\u00e9veillent paisiblement.<\/p>\n\n\n\n<div class=\"wp-block-image\"><figure class=\"aligncenter size-large\"><img fetchpriority=\"high\" decoding=\"async\" width=\"1000\" height=\"673\" src=\"https:\/\/almanimal.com\/wp-content\/uploads\/2020\/05\/perro-con-pesadillas-1000x673.jpg\" alt=\"Chien avec des cauchemars\" class=\"wp-image-15295\" srcset=\"https:\/\/almanimal.com\/wp-content\/uploads\/2020\/05\/perro-con-pesadillas-1000x673.jpg 1000w, https:\/\/almanimal.com\/wp-content\/uploads\/2020\/05\/perro-con-pesadillas-300x202.jpg 300w, https:\/\/almanimal.com\/wp-content\/uploads\/2020\/05\/perro-con-pesadillas-768x517.jpg 768w, https:\/\/almanimal.com\/wp-content\/uploads\/2020\/05\/perro-con-pesadillas.jpg 1119w\" sizes=\"(max-width: 1000px) 100vw, 1000px\" \/><\/figure><\/div>\n\n\n\n<h4 class=\"wp-block-heading\">Calmer l&#039;animal progressivement<\/h4>\n\n\n\n<p>Sachant tout ce qui pr\u00e9c\u00e8de, la premi\u00e8re chose que nous devons comprendre est que dans le cas o\u00f9 nous d\u00e9cidons de r\u00e9veiller notre ami, il est essentiel <strong>faites-le de mani\u00e8re calme et progressive<\/strong>Notre conseil est donc de caresser l&#039;animal sur le c\u00f4t\u00e9, afin qu&#039;il vous reconnaisse et prenne progressivement conscience qu&#039;il est en s\u00e9curit\u00e9 avec vous.<\/p>\n\n\n\n<p>Appeler le chien par son nom \u00e0 voix basse aide \u00e9galement l&#039;animal \u00e0 quitter la pi\u00e8ce. <strong>Phase REM<\/strong> petit \u00e0 petit, sans aucune sorte d&#039;alt\u00e9ration.<\/p>\n\n\n\n<h3 class=\"wp-block-heading\">Laisse-le dormir \u00e0 nouveau<\/h3>\n\n\n\n<p>Une fois r\u00e9veill\u00e9, l&#039;animal<strong> vous vous sentirez un peu confus et contrari\u00e9 <\/strong>Apr\u00e8s les cauchemars qu&#039;il vient de faire, il est pr\u00e9f\u00e9rable de le laisser se rendormir. Cela lui permettra de continuer \u00e0 se reposer et \u00e0 se calmer apr\u00e8s le choc.<\/p>\n\n\n\n<h2 class=\"wp-block-heading\">\u00c9vitez les cauchemars<\/h2>\n\n\n\n<p>Si notre chien continue \u00e0 faire des cauchemars fr\u00e9quemment, il est important que nous notions l\u2019heure \u00e0 laquelle ils se produisent, <a href=\"https:\/\/almanimal.com\/fr\/nourriture-pour-chien\/meilleurs-aliments-naturels-pour-chiens\/\">qu&#039;a-t-il mang\u00e9<\/a> avant d&#039;aller dormir et l&#039;activit\u00e9 qui se d\u00e9roule autour de vous \u00e0 ce moment-l\u00e0. En cas de besoin <strong>consulter un v\u00e9t\u00e9rinaire<\/strong>, le professionnel pourra \u00e9tablir les causes de ce type de r\u00eaves et d\u00e9couvrir, de cette mani\u00e8re, <strong>quelle est la meilleure solution<\/strong>.<\/p>\n\n\n\n<p>Le fait qu&#039;un chien ne se repose pas correctement <strong>Cela peut vous affecter physiquement et psychologiquement<\/strong>, nous devrons donc trouver une solution au probl\u00e8me le plus rapidement possible.<\/p>\n\n\n\n<h2 class=\"wp-block-heading\">Phases de sommeil chez le chien<\/h2>\n\n\n\n<p>Tout comme les humains, les chiens passent par diff\u00e9rentes \u00e9tapes. <a rel=\"noreferrer noopener\" href=\"https:\/\/muysaludable.sanitas.es\/salud\/fases-ciclos-sueno\/\" target=\"_blank\"><strong>phases de sommeil<\/strong><\/a>Le premier d\u2019entre eux correspond \u00e0 la <strong>sommeil l\u00e9ger<\/strong>C&#039;est ce qu&#039;on appelle la \u00ab vague d&#039;alerte \u00bb. Cependant, ce n&#039;est qu&#039;\u00e0 partir du <strong>phase de sommeil profond<\/strong> quand les chiens commencent \u00e0 r\u00eaver. Durant ce dernier, <strong>Notre animal enregistre ses exp\u00e9riences et tout ce qu&#039;il a appris au cours de la journ\u00e9e.<\/strong> Par cons\u00e9quent, si le chien m\u00e8ne une vie calme, le probl\u00e8me peut \u00eatre \u00e9vit\u00e9 plus facilement.<\/p>","protected":false},"excerpt":{"rendered":"<p>Todos los que tenemos perro hemos sido testigos en muchas ocasiones de que nuestro can tiene sue\u00f1os desagradables. De este modo, vemos que su cuerpo sufre movimientos bruscos, el animal emite gru\u00f1idos y se hace evidente que est\u00e1 pasando por un momento amargo. Pero, a un perro con pesadillas \u00bfDebemos despertarlo? Es el tema que &#8230; <a title=\"Chien qui fait des cauchemars : vaut-il mieux le r\u00e9veiller ou le laisser dormir ?\" class=\"read-more\" href=\"https:\/\/almanimal.com\/fr\/education-et-soins-canins\/chien-avec-des-cauchemars\/\" aria-label=\"En savoir plus sur Perro con pesadillas \u00bfEs mejor despertarlo o le dejarlo dormir?\">Lire la suite<\/a><\/p>","protected":false},"author":20,"featured_media":15294,"comment_status":"open","ping_status":"open","sticky":false,"template":"","format":"standard","meta":{"footnotes":""},"categories":[1431],"tags":[1986,1668,1983,1984,1473,1470,1985],"class_list":["post-15288","post","type-post","status-publish","format-standard","has-post-thumbnail","hentry","category-educacion-y-cuidados-perros","tag-cuidado-perros","tag-educacion-y-cuidado-perros","tag-evitar-pesadillas-en-un-perro","tag-fases-del-sueno-en-perros","tag-mascotas","tag-perros","tag-pesadillas-en-perros"],"yoast_head":"<!-- This site is optimized with the Yoast SEO plugin v27.4 - https:\/\/yoast.com\/product\/yoast-seo-wordpress\/ -->\n<title>Perro con pesadillas \u00bfEs mejor despertarlo o le dejarlo dormir?<\/title>\n<meta name=\"description\" content=\"\u00bfSabes c\u00f3mo actuar ante un perro con pesadillas? En este art\u00edculo te explicamos por qu\u00e9 los animales tienen sue\u00f1os desagradables y c\u00f3mo evitarlo.\" \/>\n<meta name=\"robots\" content=\"index, follow, max-snippet:-1, max-image-preview:large, max-video-preview:-1\" \/>\n<link rel=\"canonical\" href=\"https:\/\/almanimal.com\/fr\/education-et-soins-canins\/chien-avec-des-cauchemars\/\" \/>\n<meta property=\"og:locale\" content=\"fr_FR\" \/>\n<meta property=\"og:type\" content=\"article\" \/>\n<meta property=\"og:title\" content=\"Perro con pesadillas \u00bfEs mejor despertarlo o le dejarlo dormir?\" \/>\n<meta property=\"og:description\" content=\"\u00bfSabes c\u00f3mo actuar ante un perro con pesadillas? En este art\u00edculo te explicamos por qu\u00e9 los animales tienen sue\u00f1os desagradables y c\u00f3mo evitarlo.\" \/>\n<meta property=\"og:url\" content=\"https:\/\/almanimal.com\/fr\/education-et-soins-canins\/chien-avec-des-cauchemars\/\" \/>\n<meta property=\"og:site_name\" content=\"Almanimal\" \/>\n<meta property=\"article:publisher\" content=\"https:\/\/www.facebook.com\/Lugarnia\/\" \/>\n<meta property=\"article:published_time\" content=\"2020-05-12T10:38:00+00:00\" \/>\n<meta property=\"og:image\" content=\"https:\/\/i0.wp.com\/almanimal.com\/wp-content\/uploads\/2020\/05\/perros-con-pesadillas.jpg?fit=1200%2C802&ssl=1\" \/>\n\t<meta property=\"og:image:width\" content=\"1200\" \/>\n\t<meta property=\"og:image:height\" content=\"802\" \/>\n\t<meta property=\"og:image:type\" content=\"image\/jpeg\" \/>\n<meta name=\"author\" content=\"Iv\u00e1n Fresneda\" \/>\n<meta name=\"twitter:card\" content=\"summary_large_image\" \/>\n<meta name=\"twitter:creator\" content=\"@lugarnia_\" \/>\n<meta name=\"twitter:site\" content=\"@lugarnia_\" \/>\n<meta name=\"twitter:label1\" content=\"\u00c9crit par\" \/>\n\t<meta name=\"twitter:data1\" content=\"Iv\u00e1n Fresneda\" \/>\n\t<meta name=\"twitter:label2\" content=\"Dur\u00e9e de lecture estim\u00e9e\" \/>\n\t<meta name=\"twitter:data2\" content=\"3 minutes\" \/>\n<script type=\"application\/ld+json\" class=\"yoast-schema-graph\">{\"@context\":\"https:\\\/\\\/schema.org\",\"@graph\":[{\"@type\":\"Article\",\"@id\":\"https:\\\/\\\/almanimal.com\\\/educacion-y-cuidados-perros\\\/perro-con-pesadillas\\\/#article\",\"isPartOf\":{\"@id\":\"https:\\\/\\\/almanimal.com\\\/educacion-y-cuidados-perros\\\/perro-con-pesadillas\\\/\"},\"author\":{\"name\":\"Iv\u00e1n Fresneda\",\"@id\":\"https:\\\/\\\/almanimal.com\\\/#\\\/schema\\\/person\\\/6ed186ff065669ae7edab360e747304d\"},\"headline\":\"Perro con pesadillas \u00bfEs mejor despertarlo o le dejarlo dormir?\",\"datePublished\":\"2020-05-12T10:38:00+00:00\",\"mainEntityOfPage\":{\"@id\":\"https:\\\/\\\/almanimal.com\\\/educacion-y-cuidados-perros\\\/perro-con-pesadillas\\\/\"},\"wordCount\":683,\"commentCount\":0,\"publisher\":{\"@id\":\"https:\\\/\\\/almanimal.com\\\/#organization\"},\"image\":{\"@id\":\"https:\\\/\\\/almanimal.com\\\/educacion-y-cuidados-perros\\\/perro-con-pesadillas\\\/#primaryimage\"},\"thumbnailUrl\":\"https:\\\/\\\/almanimal.com\\\/wp-content\\\/uploads\\\/2020\\\/05\\\/perros-con-pesadillas.jpg\",\"keywords\":[\"cuidado perros\",\"educaci\u00f3n y cuidado perros\",\"evitar pesadillas en un perro\",\"fases del sue\u00f1o en perros\",\"mascotas\",\"perros\",\"pesadillas en perros\"],\"articleSection\":[\"Educaci\u00f3n y cuidados Perros\"],\"inLanguage\":\"fr-FR\",\"potentialAction\":[{\"@type\":\"CommentAction\",\"name\":\"Comment\",\"target\":[\"https:\\\/\\\/almanimal.com\\\/educacion-y-cuidados-perros\\\/perro-con-pesadillas\\\/#respond\"]}]},{\"@type\":\"WebPage\",\"@id\":\"https:\\\/\\\/almanimal.com\\\/educacion-y-cuidados-perros\\\/perro-con-pesadillas\\\/\",\"url\":\"https:\\\/\\\/almanimal.com\\\/educacion-y-cuidados-perros\\\/perro-con-pesadillas\\\/\",\"name\":\"Perro con pesadillas \u00bfEs mejor despertarlo o le dejarlo dormir?\",\"isPartOf\":{\"@id\":\"https:\\\/\\\/almanimal.com\\\/#website\"},\"primaryImageOfPage\":{\"@id\":\"https:\\\/\\\/almanimal.com\\\/educacion-y-cuidados-perros\\\/perro-con-pesadillas\\\/#primaryimage\"},\"image\":{\"@id\":\"https:\\\/\\\/almanimal.com\\\/educacion-y-cuidados-perros\\\/perro-con-pesadillas\\\/#primaryimage\"},\"thumbnailUrl\":\"https:\\\/\\\/almanimal.com\\\/wp-content\\\/uploads\\\/2020\\\/05\\\/perros-con-pesadillas.jpg\",\"datePublished\":\"2020-05-12T10:38:00+00:00\",\"description\":\"\u00bfSabes c\u00f3mo actuar ante un perro con pesadillas? En este art\u00edculo te explicamos por qu\u00e9 los animales tienen sue\u00f1os desagradables y c\u00f3mo evitarlo.\",\"breadcrumb\":{\"@id\":\"https:\\\/\\\/almanimal.com\\\/educacion-y-cuidados-perros\\\/perro-con-pesadillas\\\/#breadcrumb\"},\"inLanguage\":\"fr-FR\",\"potentialAction\":[{\"@type\":\"ReadAction\",\"target\":[\"https:\\\/\\\/almanimal.com\\\/educacion-y-cuidados-perros\\\/perro-con-pesadillas\\\/\"]}]},{\"@type\":\"ImageObject\",\"inLanguage\":\"fr-FR\",\"@id\":\"https:\\\/\\\/almanimal.com\\\/educacion-y-cuidados-perros\\\/perro-con-pesadillas\\\/#primaryimage\",\"url\":\"https:\\\/\\\/almanimal.com\\\/wp-content\\\/uploads\\\/2020\\\/05\\\/perros-con-pesadillas.jpg\",\"contentUrl\":\"https:\\\/\\\/almanimal.com\\\/wp-content\\\/uploads\\\/2020\\\/05\\\/perros-con-pesadillas.jpg\",\"width\":1200,\"height\":802,\"caption\":\"Perro con pesadillas\"},{\"@type\":\"BreadcrumbList\",\"@id\":\"https:\\\/\\\/almanimal.com\\\/educacion-y-cuidados-perros\\\/perro-con-pesadillas\\\/#breadcrumb\",\"itemListElement\":[{\"@type\":\"ListItem\",\"position\":1,\"name\":\"Inicio\",\"item\":\"https:\\\/\\\/almanimal.com\\\/\"},{\"@type\":\"ListItem\",\"position\":2,\"name\":\"Educaci\u00f3n y cuidados Perros\",\"item\":\"https:\\\/\\\/almanimal.com\\\/educacion-y-cuidados-perros\\\/\"},{\"@type\":\"ListItem\",\"position\":3,\"name\":\"Perro con pesadillas \u00bfEs mejor despertarlo o le dejarlo dormir?\"}]},{\"@type\":\"WebSite\",\"@id\":\"https:\\\/\\\/almanimal.com\\\/#website\",\"url\":\"https:\\\/\\\/almanimal.com\\\/\",\"name\":\"Almanimal\",\"description\":\"Revista de animales donde hablamos sobre perros, gatos, aves, peque\u00f1os mam\u00edferos, acuarios, terrarios y curiosidades del mundo animal.\",\"publisher\":{\"@id\":\"https:\\\/\\\/almanimal.com\\\/#organization\"},\"potentialAction\":[{\"@type\":\"SearchAction\",\"target\":{\"@type\":\"EntryPoint\",\"urlTemplate\":\"https:\\\/\\\/almanimal.com\\\/?s={search_term_string}\"},\"query-input\":{\"@type\":\"PropertyValueSpecification\",\"valueRequired\":true,\"valueName\":\"search_term_string\"}}],\"inLanguage\":\"fr-FR\"},{\"@type\":\"Organization\",\"@id\":\"https:\\\/\\\/almanimal.com\\\/#organization\",\"name\":\"Almanimal\",\"url\":\"https:\\\/\\\/almanimal.com\\\/\",\"logo\":{\"@type\":\"ImageObject\",\"inLanguage\":\"fr-FR\",\"@id\":\"https:\\\/\\\/almanimal.com\\\/#\\\/schema\\\/logo\\\/image\\\/\",\"url\":\"https:\\\/\\\/i2.wp.com\\\/almanimal.com\\\/wp-content\\\/uploads\\\/2019\\\/10\\\/almanimal_logo-nav-3.png?fit=400%2C100&ssl=1\",\"contentUrl\":\"https:\\\/\\\/i2.wp.com\\\/almanimal.com\\\/wp-content\\\/uploads\\\/2019\\\/10\\\/almanimal_logo-nav-3.png?fit=400%2C100&ssl=1\",\"width\":400,\"height\":100,\"caption\":\"Almanimal\"},\"image\":{\"@id\":\"https:\\\/\\\/almanimal.com\\\/#\\\/schema\\\/logo\\\/image\\\/\"},\"sameAs\":[\"https:\\\/\\\/www.facebook.com\\\/Lugarnia\\\/\",\"https:\\\/\\\/x.com\\\/lugarnia_\",\"https:\\\/\\\/www.instagram.com\\\/lugarnia\\\/\"]},{\"@type\":\"Person\",\"@id\":\"https:\\\/\\\/almanimal.com\\\/#\\\/schema\\\/person\\\/6ed186ff065669ae7edab360e747304d\",\"name\":\"Iv\u00e1n Fresneda\",\"image\":{\"@type\":\"ImageObject\",\"inLanguage\":\"fr-FR\",\"@id\":\"https:\\\/\\\/secure.gravatar.com\\\/avatar\\\/679537483addce5c0f78eeeee0668dd50e7ac9271515218de2d0dc202748741c?s=96&d=mm&r=g\",\"url\":\"https:\\\/\\\/secure.gravatar.com\\\/avatar\\\/679537483addce5c0f78eeeee0668dd50e7ac9271515218de2d0dc202748741c?s=96&d=mm&r=g\",\"contentUrl\":\"https:\\\/\\\/secure.gravatar.com\\\/avatar\\\/679537483addce5c0f78eeeee0668dd50e7ac9271515218de2d0dc202748741c?s=96&d=mm&r=g\",\"caption\":\"Iv\u00e1n Fresneda\"},\"url\":\"https:\\\/\\\/almanimal.com\\\/fr\\\/author\\\/ivanfc\\\/\"}]}<\/script>\n<!-- \/ Yoast SEO plugin. -->","yoast_head_json":{"title":"Perro con pesadillas \u00bfEs mejor despertarlo o le dejarlo dormir?","description":"\u00bfSabes c\u00f3mo actuar ante un perro con pesadillas? En este art\u00edculo te explicamos por qu\u00e9 los animales tienen sue\u00f1os desagradables y c\u00f3mo evitarlo.","robots":{"index":"index","follow":"follow","max-snippet":"max-snippet:-1","max-image-preview":"max-image-preview:large","max-video-preview":"max-video-preview:-1"},"canonical":"https:\/\/almanimal.com\/fr\/education-et-soins-canins\/chien-avec-des-cauchemars\/","og_locale":"fr_FR","og_type":"article","og_title":"Perro con pesadillas \u00bfEs mejor despertarlo o le dejarlo dormir?","og_description":"\u00bfSabes c\u00f3mo actuar ante un perro con pesadillas? En este art\u00edculo te explicamos por qu\u00e9 los animales tienen sue\u00f1os desagradables y c\u00f3mo evitarlo.","og_url":"https:\/\/almanimal.com\/fr\/education-et-soins-canins\/chien-avec-des-cauchemars\/","og_site_name":"Almanimal","article_publisher":"https:\/\/www.facebook.com\/Lugarnia\/","article_published_time":"2020-05-12T10:38:00+00:00","og_image":[{"width":1200,"height":802,"url":"https:\/\/i0.wp.com\/almanimal.com\/wp-content\/uploads\/2020\/05\/perros-con-pesadillas.jpg?fit=1200%2C802&ssl=1","type":"image\/jpeg"}],"author":"Iv\u00e1n Fresneda","twitter_card":"summary_large_image","twitter_creator":"@lugarnia_","twitter_site":"@lugarnia_","twitter_misc":{"\u00c9crit par":"Iv\u00e1n Fresneda","Dur\u00e9e de lecture estim\u00e9e":"3 minutes"},"schema":{"@context":"https:\/\/schema.org","@graph":[{"@type":"Article","@id":"https:\/\/almanimal.com\/educacion-y-cuidados-perros\/perro-con-pesadillas\/#article","isPartOf":{"@id":"https:\/\/almanimal.com\/educacion-y-cuidados-perros\/perro-con-pesadillas\/"},"author":{"name":"Iv\u00e1n Fresneda","@id":"https:\/\/almanimal.com\/#\/schema\/person\/6ed186ff065669ae7edab360e747304d"},"headline":"Perro con pesadillas \u00bfEs mejor despertarlo o le dejarlo dormir?","datePublished":"2020-05-12T10:38:00+00:00","mainEntityOfPage":{"@id":"https:\/\/almanimal.com\/educacion-y-cuidados-perros\/perro-con-pesadillas\/"},"wordCount":683,"commentCount":0,"publisher":{"@id":"https:\/\/almanimal.com\/#organization"},"image":{"@id":"https:\/\/almanimal.com\/educacion-y-cuidados-perros\/perro-con-pesadillas\/#primaryimage"},"thumbnailUrl":"https:\/\/almanimal.com\/wp-content\/uploads\/2020\/05\/perros-con-pesadillas.jpg","keywords":["cuidado perros","educaci\u00f3n y cuidado perros","evitar pesadillas en un perro","fases del sue\u00f1o en perros","mascotas","perros","pesadillas en perros"],"articleSection":["Educaci\u00f3n y cuidados Perros"],"inLanguage":"fr-FR","potentialAction":[{"@type":"CommentAction","name":"Comment","target":["https:\/\/almanimal.com\/educacion-y-cuidados-perros\/perro-con-pesadillas\/#respond"]}]},{"@type":"WebPage","@id":"https:\/\/almanimal.com\/educacion-y-cuidados-perros\/perro-con-pesadillas\/","url":"https:\/\/almanimal.com\/educacion-y-cuidados-perros\/perro-con-pesadillas\/","name":"Perro con pesadillas \u00bfEs mejor despertarlo o le dejarlo dormir?","isPartOf":{"@id":"https:\/\/almanimal.com\/#website"},"primaryImageOfPage":{"@id":"https:\/\/almanimal.com\/educacion-y-cuidados-perros\/perro-con-pesadillas\/#primaryimage"},"image":{"@id":"https:\/\/almanimal.com\/educacion-y-cuidados-perros\/perro-con-pesadillas\/#primaryimage"},"thumbnailUrl":"https:\/\/almanimal.com\/wp-content\/uploads\/2020\/05\/perros-con-pesadillas.jpg","datePublished":"2020-05-12T10:38:00+00:00","description":"\u00bfSabes c\u00f3mo actuar ante un perro con pesadillas? En este art\u00edculo te explicamos por qu\u00e9 los animales tienen sue\u00f1os desagradables y c\u00f3mo evitarlo.","breadcrumb":{"@id":"https:\/\/almanimal.com\/educacion-y-cuidados-perros\/perro-con-pesadillas\/#breadcrumb"},"inLanguage":"fr-FR","potentialAction":[{"@type":"ReadAction","target":["https:\/\/almanimal.com\/educacion-y-cuidados-perros\/perro-con-pesadillas\/"]}]},{"@type":"ImageObject","inLanguage":"fr-FR","@id":"https:\/\/almanimal.com\/educacion-y-cuidados-perros\/perro-con-pesadillas\/#primaryimage","url":"https:\/\/almanimal.com\/wp-content\/uploads\/2020\/05\/perros-con-pesadillas.jpg","contentUrl":"https:\/\/almanimal.com\/wp-content\/uploads\/2020\/05\/perros-con-pesadillas.jpg","width":1200,"height":802,"caption":"Perro con pesadillas"},{"@type":"BreadcrumbList","@id":"https:\/\/almanimal.com\/educacion-y-cuidados-perros\/perro-con-pesadillas\/#breadcrumb","itemListElement":[{"@type":"ListItem","position":1,"name":"Inicio","item":"https:\/\/almanimal.com\/"},{"@type":"ListItem","position":2,"name":"Educaci\u00f3n y cuidados Perros","item":"https:\/\/almanimal.com\/educacion-y-cuidados-perros\/"},{"@type":"ListItem","position":3,"name":"Perro con pesadillas \u00bfEs mejor despertarlo o le dejarlo dormir?"}]},{"@type":"WebSite","@id":"https:\/\/almanimal.com\/#website","url":"https:\/\/almanimal.com\/","name":"Almanimal","description":"Revista de animales donde hablamos sobre perros, gatos, aves, peque\u00f1os mam\u00edferos, acuarios, terrarios y curiosidades del mundo animal.","publisher":{"@id":"https:\/\/almanimal.com\/#organization"},"potentialAction":[{"@type":"SearchAction","target":{"@type":"EntryPoint","urlTemplate":"https:\/\/almanimal.com\/?s={search_term_string}"},"query-input":{"@type":"PropertyValueSpecification","valueRequired":true,"valueName":"search_term_string"}}],"inLanguage":"fr-FR"},{"@type":"Organization","@id":"https:\/\/almanimal.com\/#organization","name":"Almanimal","url":"https:\/\/almanimal.com\/","logo":{"@type":"ImageObject","inLanguage":"fr-FR","@id":"https:\/\/almanimal.com\/#\/schema\/logo\/image\/","url":"https:\/\/i2.wp.com\/almanimal.com\/wp-content\/uploads\/2019\/10\/almanimal_logo-nav-3.png?fit=400%2C100&ssl=1","contentUrl":"https:\/\/i2.wp.com\/almanimal.com\/wp-content\/uploads\/2019\/10\/almanimal_logo-nav-3.png?fit=400%2C100&ssl=1","width":400,"height":100,"caption":"Almanimal"},"image":{"@id":"https:\/\/almanimal.com\/#\/schema\/logo\/image\/"},"sameAs":["https:\/\/www.facebook.com\/Lugarnia\/","https:\/\/x.com\/lugarnia_","https:\/\/www.instagram.com\/lugarnia\/"]},{"@type":"Person","@id":"https:\/\/almanimal.com\/#\/schema\/person\/6ed186ff065669ae7edab360e747304d","name":"Iv\u00e1n Fresneda","image":{"@type":"ImageObject","inLanguage":"fr-FR","@id":"https:\/\/secure.gravatar.com\/avatar\/679537483addce5c0f78eeeee0668dd50e7ac9271515218de2d0dc202748741c?s=96&d=mm&r=g","url":"https:\/\/secure.gravatar.com\/avatar\/679537483addce5c0f78eeeee0668dd50e7ac9271515218de2d0dc202748741c?s=96&d=mm&r=g","contentUrl":"https:\/\/secure.gravatar.com\/avatar\/679537483addce5c0f78eeeee0668dd50e7ac9271515218de2d0dc202748741c?s=96&d=mm&r=g","caption":"Iv\u00e1n Fresneda"},"url":"https:\/\/almanimal.com\/fr\/author\/ivanfc\/"}]}},"_links":{"self":[{"href":"https:\/\/almanimal.com\/fr\/wp-json\/wp\/v2\/posts\/15288","targetHints":{"allow":["GET"]}}],"collection":[{"href":"https:\/\/almanimal.com\/fr\/wp-json\/wp\/v2\/posts"}],"about":[{"href":"https:\/\/almanimal.com\/fr\/wp-json\/wp\/v2\/types\/post"}],"author":[{"embeddable":true,"href":"https:\/\/almanimal.com\/fr\/wp-json\/wp\/v2\/users\/20"}],"replies":[{"embeddable":true,"href":"https:\/\/almanimal.com\/fr\/wp-json\/wp\/v2\/comments?post=15288"}],"version-history":[{"count":5,"href":"https:\/\/almanimal.com\/fr\/wp-json\/wp\/v2\/posts\/15288\/revisions"}],"predecessor-version":[{"id":15299,"href":"https:\/\/almanimal.com\/fr\/wp-json\/wp\/v2\/posts\/15288\/revisions\/15299"}],"wp:featuredmedia":[{"embeddable":true,"href":"https:\/\/almanimal.com\/fr\/wp-json\/wp\/v2\/media\/15294"}],"wp:attachment":[{"href":"https:\/\/almanimal.com\/fr\/wp-json\/wp\/v2\/media?parent=15288"}],"wp:term":[{"taxonomy":"category","embeddable":true,"href":"https:\/\/almanimal.com\/fr\/wp-json\/wp\/v2\/categories?post=15288"},{"taxonomy":"post_tag","embeddable":true,"href":"https:\/\/almanimal.com\/fr\/wp-json\/wp\/v2\/tags?post=15288"}],"curies":[{"name":"wp","href":"https:\/\/api.w.org\/{rel}","templated":true}]}}