{"id":15595,"date":"2020-06-09T06:58:20","date_gmt":"2020-06-09T04:58:20","guid":{"rendered":"https:\/\/almanimal.com\/?p=15595"},"modified":"2020-06-09T06:58:28","modified_gmt":"2020-06-09T04:58:28","slug":"les-chiens-ont-besoin-de-protection-solaire","status":"publish","type":"post","link":"https:\/\/almanimal.com\/fr\/sante-du-chien\/les-chiens-ont-besoin-de-protection-solaire\/","title":{"rendered":"Les chiens ont-ils besoin d'une protection solaire ? Comment les prot\u00e9ger ?"},"content":{"rendered":"<p>Les humains ne sont pas les seuls \u00e0 \u00eatre expos\u00e9s aux coups de soleil. Les chiens aussi sont expos\u00e9s aux rayons du soleil. Une exposition excessive \u00e0 la chaleur peut donc les affecter. <strong>probl\u00e8mes dermatologiques et m\u00eame cancer<\/strong>Il est vrai que leur pelage les rend moins susceptibles d&#039;en souffrir, mais certaines zones sont plus expos\u00e9es, comme les oreilles, le nez et le museau, dont il faut tenir compte pour les prot\u00e9ger. De m\u00eame, certaines races sont plus vuln\u00e9rables que d&#039;autres. Voici les <strong><a rel=\"noreferrer noopener\" href=\"https:\/\/es.wikipedia.org\/wiki\/Bull_terrier\" target=\"_blank\">bull terrier<\/a>, boxers, whippets, pitbulls et dalmatiens<\/strong>. Cependant, beaucoup de gens se demandent si le <strong>les chiens ont besoin de protection solaire<\/strong>Continuez \u00e0 lire : nous vous dirons tout tout au long de cet article.<\/p>\n\n\n\n<h2 class=\"wp-block-heading\">Prot\u00e9ger un chien du soleil<\/h2>\n\n\n\n<p>Le bon sens nous dit que la meilleure fa\u00e7on de <strong>prot\u00e9ger un chien du soleil<\/strong> est d&#039;emp\u00eacher l&#039;animal d&#039;y \u00eatre expos\u00e9. Une autre m\u00e9thode consiste&nbsp;<strong>Ne le sortez pas en promenade pendant les heures les plus chaudes de la journ\u00e9e<\/strong>.<\/p>\n\n\n\n<p>Comme pour les humains, si votre chien prend un coup de soleil, il est d\u00e9conseill\u00e9 de r\u00e9exposer la zone au soleil. Pour y parvenir, voici quelques conseils\u00a0:\u00a0<strong>t-shirts fins<\/strong>\u00a0que nous pouvons mettre sur le chien quand nous sortons avec lui. Maintenant, si la br\u00fblure est grave, la seule option qui nous reste est <strong>emm\u00e8ne-le chez le v\u00e9t\u00e9rinaire<\/strong> afin qu&#039;il puisse diagnostiquer votre \u00e9tat et nous donner les meilleures recommandations pour <strong>traiter la zone endommag\u00e9e<\/strong>.<\/p>\n\n\n\n<h3 class=\"wp-block-heading\">Le sol br\u00fble aussi<\/h3>\n\n\n\n<p>Un autre point important que nous devons prendre en compte et que nous n\u00e9gligeons souvent est que <strong>le sol peut aussi br\u00fbler<\/strong>. De cette fa\u00e7on, si <a href=\"https:\/\/almanimal.com\/fr\/education-et-soins-canins\/promener-les-chiens-sous-la-pluie\/\">nous sommes sortis nous promener avec notre chien<\/a>Que ce soit dans la rue ou \u00e0 la plage, le ciment et le sable peuvent br\u00fbler les coussinets de nos compagnons \u00e0 quatre pattes. Nous nous prot\u00e9geons avec des chaussures, mais ils n&#039;ont g\u00e9n\u00e9ralement pas cette possibilit\u00e9. C&#039;est pourquoi nous vous conseillons de porter une paire de chaussures. <strong>acheter des protections de coussinets<\/strong> qui leur permettent une plus grande libert\u00e9 de mouvement, quelle que soit la temp\u00e9rature du sol.<\/p>\n\n\n\n<h2 class=\"wp-block-heading\">Chiens et protection solaire<\/h2>\n\n\n\n<p>\u00c0 la question de savoir si le <strong>les chiens ont besoin de protection solaire<\/strong>, la r\u00e9ponse est oui <strong>Il existe des cr\u00e8mes solaires sp\u00e9cifiques pour ces \u00eatres<\/strong>Ils sont peu connus, mais tous les propri\u00e9taires d&#039;animaux devraient en poss\u00e9der un. Ce n&#039;est pas une d\u00e9pense inutile\u00a0; il s&#039;agit de la sant\u00e9 de notre chien et de son bien-\u00eatre.<\/p>\n\n\n\n<div class=\"wp-block-image\"><figure class=\"aligncenter size-large\"><img fetchpriority=\"high\" decoding=\"async\" width=\"1000\" height=\"666\" src=\"https:\/\/almanimal.com\/wp-content\/uploads\/2020\/06\/proteccion-solar-para-perros-1000x666.jpg\" alt=\"les chiens ont besoin de protection solaire\" class=\"wp-image-15602\" srcset=\"https:\/\/almanimal.com\/wp-content\/uploads\/2020\/06\/proteccion-solar-para-perros-1000x666.jpg 1000w, https:\/\/almanimal.com\/wp-content\/uploads\/2020\/06\/proteccion-solar-para-perros-300x200.jpg 300w, https:\/\/almanimal.com\/wp-content\/uploads\/2020\/06\/proteccion-solar-para-perros-768x512.jpg 768w, https:\/\/almanimal.com\/wp-content\/uploads\/2020\/06\/proteccion-solar-para-perros-1536x1024.jpg 1536w, https:\/\/almanimal.com\/wp-content\/uploads\/2020\/06\/proteccion-solar-para-perros-2048x1365.jpg 2048w\" sizes=\"(max-width: 1000px) 100vw, 1000px\" \/><\/figure><\/div>\n\n\n\n<p>Les chiens, pour la plupart, sont\u00a0<strong>prot\u00e9g\u00e9s du soleil par leurs cheveux<\/strong>Cependant, certaines races sont plus sensibles aux l\u00e9sions cutan\u00e9es, notamment les Dalmatiens, les Pit Bulls et les Staffordshire Bull Terriers. <a href=\"https:\/\/almanimal.com\/fr\/races-de-chiens\/caracteristiques-et-comportement-du-chien-boxer\/\">les Boxeurs<\/a> et les Whippets. Aussi, m\u00eame si cela peut nous para\u00eetre \u00e9trange, <strong>Il y a des chiens albinos<\/strong> qui pr\u00e9sentent de gros probl\u00e8mes avec la chaleur du soleil, car leur peau peut \u00eatre endommag\u00e9e en tr\u00e8s peu de temps.<\/p>\n\n\n\n<p>D&#039;autre part, il convient de noter que les zones o\u00f9 nous devrions les placer&nbsp;<strong>cr\u00e8me solaire<\/strong>&nbsp;quel que soit le type de chien, les caract\u00e9ristiques sont les suivantes :&nbsp;<strong>le nez, autour de la bouche, le bout des oreilles, le ventre et l&#039;aine<\/strong>.<\/p>\n\n\n\n<h3 class=\"wp-block-heading\">Caract\u00e9ristiques des chiens qui ont le plus besoin de protection solaire<\/h3>\n\n\n\n<p>Outre les races mentionn\u00e9es au point pr\u00e9c\u00e9dent, il existe des chiens qui, en raison de leurs caract\u00e9ristiques sp\u00e9cifiques, sont plus vuln\u00e9rables aux effets nocifs du soleil. Ce sont les&nbsp;<strong>chiens \u00e0 la peau claire (rose) et aux poils clairs, courts et doux<\/strong>De cette fa\u00e7on, les personnes \u00e0 la peau fonc\u00e9e sont moins sensibles au soleil.<\/p>\n\n\n\n<p>Compte tenu de ce qui pr\u00e9c\u00e8de, ils ont besoin&nbsp;<strong>cr\u00e8me solaire<\/strong> Sans aucun doute, les animaux dont les poils ont \u00e9t\u00e9 coup\u00e9s et, surtout, ceux qui ont \u00e9t\u00e9<strong>&nbsp;ras\u00e9s, car ils sont encore plus vuln\u00e9rables aux rayons du soleil<\/strong>. De plus, ces derniers devront \u00eatre recouverts de cr\u00e8me solaire sur tout le corps. De m\u00eame, <strong>ceux qui souffrent de perte de cheveux<\/strong> en raison d\u2019allergies ou ayant r\u00e9cemment subi une intervention chirurgicale, ils sont \u00e9galement moins prot\u00e9g\u00e9s.<\/p>\n\n\n\n<h2 class=\"wp-block-heading\">Cr\u00e8me solaire pour chiens<\/h2>\n\n\n\n<p>Les <strong>cr\u00e8me solaire <\/strong>Le produit que nous choisissons pour notre chien doit avoir une protection sup\u00e9rieure \u00e0 30 pour \u00eatre vraiment efficace. De m\u00eame, il ne faut pas oublier qu&#039;il est plus que recommand\u00e9 <strong>r\u00e9sistant \u00e0 l&#039;eau<\/strong>. Actuellement, les propri\u00e9taires de ces animaux ont la vie facile puisqu&#039;ils existent sur le march\u00e9\u00a0<strong>cr\u00e8mes solaires<\/strong>\u00a0<strong>sp\u00e9cialement con\u00e7u pour les chiens<\/strong>. Si pour diverses raisons vous d\u00e9cidez d&#039;en mettre un pour les personnes, optez pour un <strong>cr\u00e8me hypoallerg\u00e9nique pour b\u00e9b\u00e9<\/strong>Gardez \u00e0 l&#039;esprit que <strong>Il ne doit avoir ni parfum ni colorant<\/strong>.<\/p>\n\n\n\n<p>Avant d&#039;acheter un produit, nous vous conseillons de lire attentivement la liste des ingr\u00e9dients. Ainsi, s&#039;il contient&nbsp;<strong>oxyde de zinc ou salicylate d&#039;octyle <\/strong>sera contre-indiqu\u00e9 pour le chien<strong>La raison est que ces ingr\u00e9dients<\/strong> sont tr\u00e8s nocifs pour les chiens. De plus, vous ne devez pas transporter <strong>acide para-aminobenzo\u00efque (PABA)<\/strong>.<\/p>\n\n\n\n<h2 class=\"wp-block-heading\">Comment appliquer de la cr\u00e8me solaire sur un chien<\/h2>\n\n\n\n<p>Si vous envisagez de postuler \u00e0 un&nbsp;<strong>cr\u00e8me solaire<\/strong>&nbsp;pas sp\u00e9cifique aux chiens, divisez-le en&nbsp;<strong>de petites quantit\u00e9s pour qu&#039;il soit absorb\u00e9<\/strong>&nbsp;le plus vite possible. Ainsi, il n&#039;aura pas le temps de le l\u00e9cher. Une bonne id\u00e9e est de l&#039;\u00e9taler avec un coton-tige. <\/p>\n\n\n\n<p>Si vous avez un <strong>produit sp\u00e9cifique<\/strong>L&#039;application est beaucoup plus simple, car elle n&#039;est pas dangereuse, m\u00eame en cas d&#039;ingestion. Il est \u00e9videmment pr\u00e9f\u00e9rable de l&#039;\u00e9viter\u00a0; nous allons donc \u00e9taler la cr\u00e8me avec un\u00a0<strong>massage rapide<\/strong>.<\/p>\n\n\n\n<h4 class=\"wp-block-heading\">Les meilleures offres que nous avons trouv\u00e9es sur la cr\u00e8me solaire pour chien<\/h4>","protected":false},"excerpt":{"rendered":"<p>Les humains ne sont pas les seuls \u00e0 risquer les coups de soleil. Les chiens aussi sont expos\u00e9s aux rayons du soleil. Une surexposition \u00e0 sa chaleur peut entra\u00eener des probl\u00e8mes de peau, voire un cancer. Bien que leur pelage les prot\u00e8ge en partie, certaines zones de leur peau restent vuln\u00e9rables\u2026 <a title=\"Les chiens ont-ils besoin d&#039;une protection solaire ? Comment les prot\u00e9ger ?\" class=\"read-more\" href=\"https:\/\/almanimal.com\/fr\/sante-du-chien\/les-chiens-ont-besoin-de-protection-solaire\/\" aria-label=\"Pour en savoir plus\u00a0: Les chiens ont-ils besoin d\u2019une protection solaire\u00a0? Comment les prot\u00e9ger\u00a0?\">Lire la suite<\/a><\/p>","protected":false},"author":20,"featured_media":15600,"comment_status":"open","ping_status":"open","sticky":false,"template":"","format":"standard","meta":{"footnotes":""},"categories":[1450],"tags":[1470,2049,2051,2050,2053,1487],"class_list":["post-15595","post","type-post","status-publish","format-standard","has-post-thumbnail","hentry","category-salud-perros","tag-perros","tag-proteger-a-los-perros-del-sol","tag-proteger-al-almohadillas-de-los-perros","tag-quemaduras-solares-en-perros","tag-razas-mas-vulnerables-al-sol","tag-salud-perros"],"yoast_head":"<!-- This site is optimized with the Yoast SEO plugin v27.5 - https:\/\/yoast.com\/product\/yoast-seo-wordpress\/ -->\n<title>\u00bfLos perros necesitan protecci\u00f3n solar? \u00bfC\u00f3mo les protegemos?<\/title>\n<meta name=\"description\" content=\"\u00bfSabes si los perros necesitan protecci\u00f3n solar? En este art\u00edculo te ofrecemos consejos para que el animal est\u00e9 bien protegido de las altas temperaturas.\" \/>\n<meta name=\"robots\" content=\"index, follow, max-snippet:-1, max-image-preview:large, max-video-preview:-1\" \/>\n<link rel=\"canonical\" href=\"https:\/\/almanimal.com\/fr\/sante-du-chien\/les-chiens-ont-besoin-de-protection-solaire\/\" \/>\n<meta property=\"og:locale\" content=\"fr_FR\" \/>\n<meta property=\"og:type\" content=\"article\" \/>\n<meta property=\"og:title\" content=\"\u00bfLos perros necesitan protecci\u00f3n solar? \u00bfC\u00f3mo les protegemos?\" \/>\n<meta property=\"og:description\" content=\"\u00bfSabes si los perros necesitan protecci\u00f3n solar? En este art\u00edculo te ofrecemos consejos para que el animal est\u00e9 bien protegido de las altas temperaturas.\" \/>\n<meta property=\"og:url\" content=\"https:\/\/almanimal.com\/fr\/sante-du-chien\/les-chiens-ont-besoin-de-protection-solaire\/\" \/>\n<meta property=\"og:site_name\" content=\"Almanimal\" \/>\n<meta property=\"article:publisher\" content=\"https:\/\/www.facebook.com\/Lugarnia\/\" \/>\n<meta property=\"article:published_time\" content=\"2020-06-09T04:58:20+00:00\" \/>\n<meta property=\"article:modified_time\" content=\"2020-06-09T04:58:28+00:00\" \/>\n<meta property=\"og:image\" content=\"https:\/\/i2.wp.com\/almanimal.com\/wp-content\/uploads\/2020\/06\/crema-solar-para-perros-e1591339745620.jpg?fit=1200%2C720&ssl=1\" \/>\n\t<meta property=\"og:image:width\" content=\"1200\" \/>\n\t<meta property=\"og:image:height\" content=\"720\" \/>\n\t<meta property=\"og:image:type\" content=\"image\/jpeg\" \/>\n<meta name=\"author\" content=\"Iv\u00e1n Fresneda\" \/>\n<meta name=\"twitter:card\" content=\"summary_large_image\" \/>\n<meta name=\"twitter:creator\" content=\"@lugarnia_\" \/>\n<meta name=\"twitter:site\" content=\"@lugarnia_\" \/>\n<meta name=\"twitter:label1\" content=\"\u00c9crit par\" \/>\n\t<meta name=\"twitter:data1\" content=\"Iv\u00e1n Fresneda\" \/>\n\t<meta name=\"twitter:label2\" content=\"Dur\u00e9e de lecture estim\u00e9e\" \/>\n\t<meta name=\"twitter:data2\" content=\"5 minutes\" \/>\n<script type=\"application\/ld+json\" class=\"yoast-schema-graph\">{\"@context\":\"https:\\\/\\\/schema.org\",\"@graph\":[{\"@type\":\"Article\",\"@id\":\"https:\\\/\\\/almanimal.com\\\/salud-perros\\\/perros-necesitan-proteccion-solar\\\/#article\",\"isPartOf\":{\"@id\":\"https:\\\/\\\/almanimal.com\\\/salud-perros\\\/perros-necesitan-proteccion-solar\\\/\"},\"author\":{\"name\":\"Iv\u00e1n Fresneda\",\"@id\":\"https:\\\/\\\/almanimal.com\\\/#\\\/schema\\\/person\\\/6ed186ff065669ae7edab360e747304d\"},\"headline\":\"\u00bfLos perros necesitan protecci\u00f3n solar? \u00bfC\u00f3mo les protegemos?\",\"datePublished\":\"2020-06-09T04:58:20+00:00\",\"dateModified\":\"2020-06-09T04:58:28+00:00\",\"mainEntityOfPage\":{\"@id\":\"https:\\\/\\\/almanimal.com\\\/salud-perros\\\/perros-necesitan-proteccion-solar\\\/\"},\"wordCount\":988,\"commentCount\":0,\"publisher\":{\"@id\":\"https:\\\/\\\/almanimal.com\\\/#organization\"},\"image\":{\"@id\":\"https:\\\/\\\/almanimal.com\\\/salud-perros\\\/perros-necesitan-proteccion-solar\\\/#primaryimage\"},\"thumbnailUrl\":\"https:\\\/\\\/almanimal.com\\\/wp-content\\\/uploads\\\/2020\\\/06\\\/crema-solar-para-perros-e1591339745620.jpg\",\"keywords\":[\"perros\",\"proteger a los perros del sol\",\"proteger al almohadillas de los perros\",\"quemaduras solares en perros\",\"razas m\u00e1s vulnerables al sol\",\"salud perros\"],\"articleSection\":[\"Salud Perros\"],\"inLanguage\":\"fr-FR\",\"potentialAction\":[{\"@type\":\"CommentAction\",\"name\":\"Comment\",\"target\":[\"https:\\\/\\\/almanimal.com\\\/salud-perros\\\/perros-necesitan-proteccion-solar\\\/#respond\"]}]},{\"@type\":\"WebPage\",\"@id\":\"https:\\\/\\\/almanimal.com\\\/salud-perros\\\/perros-necesitan-proteccion-solar\\\/\",\"url\":\"https:\\\/\\\/almanimal.com\\\/salud-perros\\\/perros-necesitan-proteccion-solar\\\/\",\"name\":\"\u00bfLos perros necesitan protecci\u00f3n solar? \u00bfC\u00f3mo les protegemos?\",\"isPartOf\":{\"@id\":\"https:\\\/\\\/almanimal.com\\\/#website\"},\"primaryImageOfPage\":{\"@id\":\"https:\\\/\\\/almanimal.com\\\/salud-perros\\\/perros-necesitan-proteccion-solar\\\/#primaryimage\"},\"image\":{\"@id\":\"https:\\\/\\\/almanimal.com\\\/salud-perros\\\/perros-necesitan-proteccion-solar\\\/#primaryimage\"},\"thumbnailUrl\":\"https:\\\/\\\/almanimal.com\\\/wp-content\\\/uploads\\\/2020\\\/06\\\/crema-solar-para-perros-e1591339745620.jpg\",\"datePublished\":\"2020-06-09T04:58:20+00:00\",\"dateModified\":\"2020-06-09T04:58:28+00:00\",\"description\":\"\u00bfSabes si los perros necesitan protecci\u00f3n solar? En este art\u00edculo te ofrecemos consejos para que el animal est\u00e9 bien protegido de las altas temperaturas.\",\"breadcrumb\":{\"@id\":\"https:\\\/\\\/almanimal.com\\\/salud-perros\\\/perros-necesitan-proteccion-solar\\\/#breadcrumb\"},\"inLanguage\":\"fr-FR\",\"potentialAction\":[{\"@type\":\"ReadAction\",\"target\":[\"https:\\\/\\\/almanimal.com\\\/salud-perros\\\/perros-necesitan-proteccion-solar\\\/\"]}]},{\"@type\":\"ImageObject\",\"inLanguage\":\"fr-FR\",\"@id\":\"https:\\\/\\\/almanimal.com\\\/salud-perros\\\/perros-necesitan-proteccion-solar\\\/#primaryimage\",\"url\":\"https:\\\/\\\/almanimal.com\\\/wp-content\\\/uploads\\\/2020\\\/06\\\/crema-solar-para-perros-e1591339745620.jpg\",\"contentUrl\":\"https:\\\/\\\/almanimal.com\\\/wp-content\\\/uploads\\\/2020\\\/06\\\/crema-solar-para-perros-e1591339745620.jpg\",\"width\":1200,\"height\":720,\"caption\":\"perros necesitan protecci\u00f3n solar\"},{\"@type\":\"BreadcrumbList\",\"@id\":\"https:\\\/\\\/almanimal.com\\\/salud-perros\\\/perros-necesitan-proteccion-solar\\\/#breadcrumb\",\"itemListElement\":[{\"@type\":\"ListItem\",\"position\":1,\"name\":\"Inicio\",\"item\":\"https:\\\/\\\/almanimal.com\\\/\"},{\"@type\":\"ListItem\",\"position\":2,\"name\":\"Salud Perros\",\"item\":\"https:\\\/\\\/almanimal.com\\\/salud-perros\\\/\"},{\"@type\":\"ListItem\",\"position\":3,\"name\":\"\u00bfLos perros necesitan protecci\u00f3n solar? \u00bfC\u00f3mo les protegemos?\"}]},{\"@type\":\"WebSite\",\"@id\":\"https:\\\/\\\/almanimal.com\\\/#website\",\"url\":\"https:\\\/\\\/almanimal.com\\\/\",\"name\":\"Almanimal\",\"description\":\"Revista de animales donde hablamos sobre perros, gatos, aves, peque\u00f1os mam\u00edferos, acuarios, terrarios y curiosidades del mundo animal.\",\"publisher\":{\"@id\":\"https:\\\/\\\/almanimal.com\\\/#organization\"},\"potentialAction\":[{\"@type\":\"SearchAction\",\"target\":{\"@type\":\"EntryPoint\",\"urlTemplate\":\"https:\\\/\\\/almanimal.com\\\/?s={search_term_string}\"},\"query-input\":{\"@type\":\"PropertyValueSpecification\",\"valueRequired\":true,\"valueName\":\"search_term_string\"}}],\"inLanguage\":\"fr-FR\"},{\"@type\":\"Organization\",\"@id\":\"https:\\\/\\\/almanimal.com\\\/#organization\",\"name\":\"Almanimal\",\"url\":\"https:\\\/\\\/almanimal.com\\\/\",\"logo\":{\"@type\":\"ImageObject\",\"inLanguage\":\"fr-FR\",\"@id\":\"https:\\\/\\\/almanimal.com\\\/#\\\/schema\\\/logo\\\/image\\\/\",\"url\":\"https:\\\/\\\/i2.wp.com\\\/almanimal.com\\\/wp-content\\\/uploads\\\/2019\\\/10\\\/almanimal_logo-nav-3.png?fit=400%2C100&ssl=1\",\"contentUrl\":\"https:\\\/\\\/i2.wp.com\\\/almanimal.com\\\/wp-content\\\/uploads\\\/2019\\\/10\\\/almanimal_logo-nav-3.png?fit=400%2C100&ssl=1\",\"width\":400,\"height\":100,\"caption\":\"Almanimal\"},\"image\":{\"@id\":\"https:\\\/\\\/almanimal.com\\\/#\\\/schema\\\/logo\\\/image\\\/\"},\"sameAs\":[\"https:\\\/\\\/www.facebook.com\\\/Lugarnia\\\/\",\"https:\\\/\\\/x.com\\\/lugarnia_\",\"https:\\\/\\\/www.instagram.com\\\/lugarnia\\\/\"]},{\"@type\":\"Person\",\"@id\":\"https:\\\/\\\/almanimal.com\\\/#\\\/schema\\\/person\\\/6ed186ff065669ae7edab360e747304d\",\"name\":\"Iv\u00e1n Fresneda\",\"image\":{\"@type\":\"ImageObject\",\"inLanguage\":\"fr-FR\",\"@id\":\"https:\\\/\\\/secure.gravatar.com\\\/avatar\\\/679537483addce5c0f78eeeee0668dd50e7ac9271515218de2d0dc202748741c?s=96&d=mm&r=g\",\"url\":\"https:\\\/\\\/secure.gravatar.com\\\/avatar\\\/679537483addce5c0f78eeeee0668dd50e7ac9271515218de2d0dc202748741c?s=96&d=mm&r=g\",\"contentUrl\":\"https:\\\/\\\/secure.gravatar.com\\\/avatar\\\/679537483addce5c0f78eeeee0668dd50e7ac9271515218de2d0dc202748741c?s=96&d=mm&r=g\",\"caption\":\"Iv\u00e1n Fresneda\"},\"url\":\"https:\\\/\\\/almanimal.com\\\/fr\\\/author\\\/ivanfc\\\/\"}]}<\/script>\n<!-- \/ Yoast SEO plugin. -->","yoast_head_json":{"title":"\u00bfLos perros necesitan protecci\u00f3n solar? \u00bfC\u00f3mo les protegemos?","description":"\u00bfSabes si los perros necesitan protecci\u00f3n solar? En este art\u00edculo te ofrecemos consejos para que el animal est\u00e9 bien protegido de las altas temperaturas.","robots":{"index":"index","follow":"follow","max-snippet":"max-snippet:-1","max-image-preview":"max-image-preview:large","max-video-preview":"max-video-preview:-1"},"canonical":"https:\/\/almanimal.com\/fr\/sante-du-chien\/les-chiens-ont-besoin-de-protection-solaire\/","og_locale":"fr_FR","og_type":"article","og_title":"\u00bfLos perros necesitan protecci\u00f3n solar? \u00bfC\u00f3mo les protegemos?","og_description":"\u00bfSabes si los perros necesitan protecci\u00f3n solar? En este art\u00edculo te ofrecemos consejos para que el animal est\u00e9 bien protegido de las altas temperaturas.","og_url":"https:\/\/almanimal.com\/fr\/sante-du-chien\/les-chiens-ont-besoin-de-protection-solaire\/","og_site_name":"Almanimal","article_publisher":"https:\/\/www.facebook.com\/Lugarnia\/","article_published_time":"2020-06-09T04:58:20+00:00","article_modified_time":"2020-06-09T04:58:28+00:00","og_image":[{"width":1200,"height":720,"url":"https:\/\/i2.wp.com\/almanimal.com\/wp-content\/uploads\/2020\/06\/crema-solar-para-perros-e1591339745620.jpg?fit=1200%2C720&ssl=1","type":"image\/jpeg"}],"author":"Iv\u00e1n Fresneda","twitter_card":"summary_large_image","twitter_creator":"@lugarnia_","twitter_site":"@lugarnia_","twitter_misc":{"\u00c9crit par":"Iv\u00e1n Fresneda","Dur\u00e9e de lecture estim\u00e9e":"5 minutes"},"schema":{"@context":"https:\/\/schema.org","@graph":[{"@type":"Article","@id":"https:\/\/almanimal.com\/salud-perros\/perros-necesitan-proteccion-solar\/#article","isPartOf":{"@id":"https:\/\/almanimal.com\/salud-perros\/perros-necesitan-proteccion-solar\/"},"author":{"name":"Iv\u00e1n Fresneda","@id":"https:\/\/almanimal.com\/#\/schema\/person\/6ed186ff065669ae7edab360e747304d"},"headline":"\u00bfLos perros necesitan protecci\u00f3n solar? \u00bfC\u00f3mo les protegemos?","datePublished":"2020-06-09T04:58:20+00:00","dateModified":"2020-06-09T04:58:28+00:00","mainEntityOfPage":{"@id":"https:\/\/almanimal.com\/salud-perros\/perros-necesitan-proteccion-solar\/"},"wordCount":988,"commentCount":0,"publisher":{"@id":"https:\/\/almanimal.com\/#organization"},"image":{"@id":"https:\/\/almanimal.com\/salud-perros\/perros-necesitan-proteccion-solar\/#primaryimage"},"thumbnailUrl":"https:\/\/almanimal.com\/wp-content\/uploads\/2020\/06\/crema-solar-para-perros-e1591339745620.jpg","keywords":["perros","proteger a los perros del sol","proteger al almohadillas de los perros","quemaduras solares en perros","razas m\u00e1s vulnerables al sol","salud perros"],"articleSection":["Salud Perros"],"inLanguage":"fr-FR","potentialAction":[{"@type":"CommentAction","name":"Comment","target":["https:\/\/almanimal.com\/salud-perros\/perros-necesitan-proteccion-solar\/#respond"]}]},{"@type":"WebPage","@id":"https:\/\/almanimal.com\/salud-perros\/perros-necesitan-proteccion-solar\/","url":"https:\/\/almanimal.com\/salud-perros\/perros-necesitan-proteccion-solar\/","name":"\u00bfLos perros necesitan protecci\u00f3n solar? \u00bfC\u00f3mo les protegemos?","isPartOf":{"@id":"https:\/\/almanimal.com\/#website"},"primaryImageOfPage":{"@id":"https:\/\/almanimal.com\/salud-perros\/perros-necesitan-proteccion-solar\/#primaryimage"},"image":{"@id":"https:\/\/almanimal.com\/salud-perros\/perros-necesitan-proteccion-solar\/#primaryimage"},"thumbnailUrl":"https:\/\/almanimal.com\/wp-content\/uploads\/2020\/06\/crema-solar-para-perros-e1591339745620.jpg","datePublished":"2020-06-09T04:58:20+00:00","dateModified":"2020-06-09T04:58:28+00:00","description":"\u00bfSabes si los perros necesitan protecci\u00f3n solar? En este art\u00edculo te ofrecemos consejos para que el animal est\u00e9 bien protegido de las altas temperaturas.","breadcrumb":{"@id":"https:\/\/almanimal.com\/salud-perros\/perros-necesitan-proteccion-solar\/#breadcrumb"},"inLanguage":"fr-FR","potentialAction":[{"@type":"ReadAction","target":["https:\/\/almanimal.com\/salud-perros\/perros-necesitan-proteccion-solar\/"]}]},{"@type":"ImageObject","inLanguage":"fr-FR","@id":"https:\/\/almanimal.com\/salud-perros\/perros-necesitan-proteccion-solar\/#primaryimage","url":"https:\/\/almanimal.com\/wp-content\/uploads\/2020\/06\/crema-solar-para-perros-e1591339745620.jpg","contentUrl":"https:\/\/almanimal.com\/wp-content\/uploads\/2020\/06\/crema-solar-para-perros-e1591339745620.jpg","width":1200,"height":720,"caption":"perros necesitan protecci\u00f3n solar"},{"@type":"BreadcrumbList","@id":"https:\/\/almanimal.com\/salud-perros\/perros-necesitan-proteccion-solar\/#breadcrumb","itemListElement":[{"@type":"ListItem","position":1,"name":"Inicio","item":"https:\/\/almanimal.com\/"},{"@type":"ListItem","position":2,"name":"Salud Perros","item":"https:\/\/almanimal.com\/salud-perros\/"},{"@type":"ListItem","position":3,"name":"\u00bfLos perros necesitan protecci\u00f3n solar? \u00bfC\u00f3mo les protegemos?"}]},{"@type":"WebSite","@id":"https:\/\/almanimal.com\/#website","url":"https:\/\/almanimal.com\/","name":"Almanimal","description":"Revista de animales donde hablamos sobre perros, gatos, aves, peque\u00f1os mam\u00edferos, acuarios, terrarios y curiosidades del mundo animal.","publisher":{"@id":"https:\/\/almanimal.com\/#organization"},"potentialAction":[{"@type":"SearchAction","target":{"@type":"EntryPoint","urlTemplate":"https:\/\/almanimal.com\/?s={search_term_string}"},"query-input":{"@type":"PropertyValueSpecification","valueRequired":true,"valueName":"search_term_string"}}],"inLanguage":"fr-FR"},{"@type":"Organization","@id":"https:\/\/almanimal.com\/#organization","name":"Almanimal","url":"https:\/\/almanimal.com\/","logo":{"@type":"ImageObject","inLanguage":"fr-FR","@id":"https:\/\/almanimal.com\/#\/schema\/logo\/image\/","url":"https:\/\/i2.wp.com\/almanimal.com\/wp-content\/uploads\/2019\/10\/almanimal_logo-nav-3.png?fit=400%2C100&ssl=1","contentUrl":"https:\/\/i2.wp.com\/almanimal.com\/wp-content\/uploads\/2019\/10\/almanimal_logo-nav-3.png?fit=400%2C100&ssl=1","width":400,"height":100,"caption":"Almanimal"},"image":{"@id":"https:\/\/almanimal.com\/#\/schema\/logo\/image\/"},"sameAs":["https:\/\/www.facebook.com\/Lugarnia\/","https:\/\/x.com\/lugarnia_","https:\/\/www.instagram.com\/lugarnia\/"]},{"@type":"Person","@id":"https:\/\/almanimal.com\/#\/schema\/person\/6ed186ff065669ae7edab360e747304d","name":"Iv\u00e1n Fresneda","image":{"@type":"ImageObject","inLanguage":"fr-FR","@id":"https:\/\/secure.gravatar.com\/avatar\/679537483addce5c0f78eeeee0668dd50e7ac9271515218de2d0dc202748741c?s=96&d=mm&r=g","url":"https:\/\/secure.gravatar.com\/avatar\/679537483addce5c0f78eeeee0668dd50e7ac9271515218de2d0dc202748741c?s=96&d=mm&r=g","contentUrl":"https:\/\/secure.gravatar.com\/avatar\/679537483addce5c0f78eeeee0668dd50e7ac9271515218de2d0dc202748741c?s=96&d=mm&r=g","caption":"Iv\u00e1n Fresneda"},"url":"https:\/\/almanimal.com\/fr\/author\/ivanfc\/"}]}},"_links":{"self":[{"href":"https:\/\/almanimal.com\/fr\/wp-json\/wp\/v2\/posts\/15595","targetHints":{"allow":["GET"]}}],"collection":[{"href":"https:\/\/almanimal.com\/fr\/wp-json\/wp\/v2\/posts"}],"about":[{"href":"https:\/\/almanimal.com\/fr\/wp-json\/wp\/v2\/types\/post"}],"author":[{"embeddable":true,"href":"https:\/\/almanimal.com\/fr\/wp-json\/wp\/v2\/users\/20"}],"replies":[{"embeddable":true,"href":"https:\/\/almanimal.com\/fr\/wp-json\/wp\/v2\/comments?post=15595"}],"version-history":[{"count":5,"href":"https:\/\/almanimal.com\/fr\/wp-json\/wp\/v2\/posts\/15595\/revisions"}],"predecessor-version":[{"id":15640,"href":"https:\/\/almanimal.com\/fr\/wp-json\/wp\/v2\/posts\/15595\/revisions\/15640"}],"wp:featuredmedia":[{"embeddable":true,"href":"https:\/\/almanimal.com\/fr\/wp-json\/wp\/v2\/media\/15600"}],"wp:attachment":[{"href":"https:\/\/almanimal.com\/fr\/wp-json\/wp\/v2\/media?parent=15595"}],"wp:term":[{"taxonomy":"category","embeddable":true,"href":"https:\/\/almanimal.com\/fr\/wp-json\/wp\/v2\/categories?post=15595"},{"taxonomy":"post_tag","embeddable":true,"href":"https:\/\/almanimal.com\/fr\/wp-json\/wp\/v2\/tags?post=15595"}],"curies":[{"name":"wp","href":"https:\/\/api.w.org\/{rel}","templated":true}]}}