{"id":16615,"date":"2020-09-07T18:06:39","date_gmt":"2020-09-07T16:06:39","guid":{"rendered":"https:\/\/almanimal.com\/?p=16615"},"modified":"2020-09-07T18:06:44","modified_gmt":"2020-09-07T16:06:44","slug":"calendrier-de-vaccination-pour-les-chats","status":"publish","type":"post","link":"https:\/\/almanimal.com\/fr\/sante-du-chat\/calendrier-de-vaccination-pour-les-chats\/","title":{"rendered":"Calendrier de vaccination pour les chats : dates et vaccins n\u00e9cessaires"},"content":{"rendered":"<p>Connaissez-vous le <strong>calendrier de vaccination pour les chats<\/strong>Si nous voulons que notre animal de compagnie ait une sant\u00e9 de fer, il est essentiel qu&#039;il soit \u00e0 jour de tous les vaccins qui pr\u00e9viennent <a href=\"https:\/\/almanimal.com\/fr\/sante-du-chat\/problemes-renaux-chez-les-chats\/\">de nombreuses maladies<\/a>, qu&#039;elles soient bact\u00e9riennes ou virales. Si vous souhaitez savoir quand consulter un v\u00e9t\u00e9rinaire pour \u00e9viter que votre compagnon \u00e0 quatre pattes ne contracte une infection, cet article vous expliquera toutes les pr\u00e9cautions \u00e0 prendre.<strong> dates cl\u00e9s<\/strong> pour renforcer son <strong>syst\u00e8me immunitaire<\/strong>.<\/p>\n\n\n\n<h2 class=\"wp-block-heading\">Calendrier de vaccination pour les chats <\/h2>\n\n\n\n<p>Les <strong>calendrier de vaccination pour les chats <\/strong>Cela commence lorsque l&#039;animal a deux mois, apr\u00e8s le sevrage. Jusque-l\u00e0, le f\u00e9lin est prot\u00e9g\u00e9 par les d\u00e9fenses immunitaires fournies par l&#039;allaitement. \u00c0 sept semaines, cette immunit\u00e9 maternelle commence \u00e0 dispara\u00eetre. C&#039;est donc \u00e0 ce moment-l\u00e0 qu&#039;il faut commencer \u00e0 appliquer le traitement. <strong>vaccins<\/strong>De plus, tant que nous ne le faisons pas, il n&#039;est pas conseill\u00e9 que le chat soit en contact avec l&#039;ext\u00e9rieur ou d&#039;autres animaux pour \u00e9viter qu&#039;il ne tombe malade. <\/p>\n\n\n\n<p>Avant de commencer les vaccinations, il est essentiel <strong>le vermifuger<\/strong> quand il aura un mois et demi. Il faudra aussi lui donner un <strong>test de leuc\u00e9mie et d&#039;immunod\u00e9ficience <\/strong>afin de savoir s&#039;il est porteur ou non. <\/p>\n\n\n\n<h3 class=\"wp-block-heading\">Premiers vaccins<\/h3>\n\n\n\n<p>Apr\u00e8s avoir fait ce qui pr\u00e9c\u00e8de, le <strong>premier vaccin<\/strong> que vous devriez recevoir est le <strong>trivalent<\/strong> contre la rhinotrach\u00e9ite, la panleucop\u00e9nie et le calcivirus, \u00e0 deux mois. Quinze jours plus tard, ce serait au tour du <strong>vaccin contre la leuc\u00e9mie f\u00e9line<\/strong>\u00c0 trois mois, vous devez renouveler le vaccin trivalent avec une deuxi\u00e8me dose. Il en va de m\u00eame pour le vaccin contre la leuc\u00e9mie \u00e0 trois mois et demi\u00a0; il faut donc le faire \u00e0 nouveau. \u00c0 quatre mois, il est temps de <strong>le vacciner contre la rage<\/strong>.<\/p>\n\n\n\n<p>Le <strong>trivalent <\/strong>C&#039;est essentiel pour que notre chat soit prot\u00e9g\u00e9 et puisse vivre en bonne sant\u00e9, mais les autres sont g\u00e9n\u00e9ralement consid\u00e9r\u00e9s comme facultatifs, bien que fortement recommand\u00e9s. En revanche, si votre chat doit sortir, ne manquez pas les <strong>vaccin contre la leuc\u00e9mie<\/strong>:C&#039;est une d\u00e9cision qui pourrait vous sauver la vie. <\/p>\n\n\n\n<h2 class=\"wp-block-heading\">Plan de vaccination pour les chats adultes<\/h2>\n\n\n\n<p>Il est important de revacciner notre chat une fois par an pour continuer \u00e0 le prot\u00e9ger des maladies graves. Ainsi,<strong> Les vaccins pour les chats adultes seraient : le vaccin trivalent, le vaccin contre la rage et le vaccin contre la leuc\u00e9mie f\u00e9line.<\/strong>N\u00e9anmoins, nous vous conseillons de consulter les lois de chaque pays pour bien comprendre lesquelles sont obligatoires, m\u00eame si nous vous recommandons de prot\u00e9ger votre compagnon \u00e0 quatre pattes avec toutes les ressources \u00e0 votre disposition.<\/p>\n\n\n\n<div class=\"wp-block-image\"><figure class=\"aligncenter size-large\"><img fetchpriority=\"high\" decoding=\"async\" width=\"1000\" height=\"625\" src=\"https:\/\/almanimal.com\/wp-content\/uploads\/2020\/09\/vacunar-gatos-1000x625.jpg\" alt=\"Calendrier de vaccination pour les chats\" class=\"wp-image-16622\" srcset=\"https:\/\/almanimal.com\/wp-content\/uploads\/2020\/09\/vacunar-gatos-1000x625.jpg 1000w, https:\/\/almanimal.com\/wp-content\/uploads\/2020\/09\/vacunar-gatos-300x188.jpg 300w, https:\/\/almanimal.com\/wp-content\/uploads\/2020\/09\/vacunar-gatos-768x480.jpg 768w, https:\/\/almanimal.com\/wp-content\/uploads\/2020\/09\/vacunar-gatos-1536x960.jpg 1536w, https:\/\/almanimal.com\/wp-content\/uploads\/2020\/09\/vacunar-gatos-2048x1280.jpg 2048w\" sizes=\"(max-width: 1000px) 100vw, 1000px\" \/><\/figure><\/div>\n\n\n\n<h3 class=\"wp-block-heading\">Maladies combattues par la vaccination<\/h3>\n\n\n\n<p>D\u2019une part, avec la vaccination, l\u2019animal est confront\u00e9 \u00e0 la<strong> rhinotrach\u00e9ite<\/strong>Il s&#039;agit d&#039;une maladie respiratoire contagieuse dont les sympt\u00f4mes sont la pr\u00e9sence de mucus, des \u00e9ternuements et un \u00e9coulement oculaire. Elle comprend \u00e9galement <strong>panleucop\u00e9nie f\u00e9line<\/strong>, qui correspond \u00e0 la <a href=\"https:\/\/es.wikipedia.org\/wiki\/Parvovirosis_canina\" target=\"_blank\" rel=\"noreferrer noopener\">parvovirus chez le chien<\/a>Sa gravit\u00e9 entra\u00eene la mort des chatons atteints de 80% et des chats adultes atteints de 40%. Ses cons\u00e9quences incluent faiblesse, diminution du nombre de globules blancs, d\u00e9shydratation, faiblesse, diarrh\u00e9e et vomissements. Elle est \u00e9galement tr\u00e8s dangereuse car hautement contagieuse.<\/p>\n\n\n\n<p>Les chats peuvent \u00e9galement contracter la <strong>calicivirus<\/strong>Elle ressemble beaucoup \u00e0 la grippe et affecte donc les voies respiratoires. En revanche,<strong> leuc\u00e9mie<\/strong> C&#039;est une maladie mortelle\u00a0: elle affecte le syst\u00e8me immunitaire et se transmet facilement. Elle provoque \u00e9galement des tumeurs dans divers organes. Les f\u00e9lins sont \u00e9galement susceptibles d&#039;en \u00eatre atteints. <strong>rage<\/strong>, qui peut \u00eatre transmise \u00e0 l\u2019homme par une morsure. <\/p>\n\n\n\n<h3 class=\"wp-block-heading\">Autres maladies qui affectent les chats<\/h3>\n\n\n\n<p><strong>Autres maladies<\/strong> qui affectent les chats sont les <strong>Virus de l&#039;immunod\u00e9ficience f\u00e9line (VIF) et p\u00e9ritonite infectieuse f\u00e9line (PIF)<\/strong>Le premier est similaire au VIH humain. Bien qu&#039;il existe un vaccin pour lutter contre ce probl\u00e8me, son efficacit\u00e9 n&#039;a pas \u00e9t\u00e9 prouv\u00e9e. Il n&#039;est donc pas toujours conseill\u00e9 de le recevoir. En cas de maladie, il existe un traitement qui maintient l&#039;animal stable et lui assure une bonne qualit\u00e9 de vie. <\/p>\n\n\n\n<p>En ce qui concerne la <strong>PIF<\/strong>, c&#039;est une maladie <strong>incurable et fatal<\/strong>La m\u00eame chose se produit que dans le cas pr\u00e9c\u00e9dent : le vaccin utilis\u00e9 pour traiter la maladie n&#039;a pas prouv\u00e9 son efficacit\u00e9, il est donc parfois pr\u00e9f\u00e9rable de ne pas l&#039;administrer. <\/p>\n\n\n\n<h2 class=\"wp-block-heading\">Effets secondaires des vaccins<\/h2>\n\n\n\n<p>Les animaux peuvent souffrir apr\u00e8s avoir re\u00e7u des vaccins. <strong>les effets secondaires<\/strong>, bien qu&#039;ils ne soient g\u00e9n\u00e9ralement pas importants. Il est n\u00e9anmoins conseill\u00e9 de les surveiller au cas o\u00f9 nous serions amen\u00e9s \u00e0 r\u00e9agir \u00e0 un probl\u00e8me. Par exemple, nous pourrions remarquer que l&#039;animal est <strong>plus fatigu\u00e9 que d&#039;habitude<\/strong>Pour cette raison, il y aura des moments o\u00f9 vous pr\u00e9f\u00e9rerez vous cacher.<\/p>\n\n\n\n<p>De plus, parfois, nous remarquerons qu&#039;il fait plus chaud, il est donc possible que cela ait <strong>fi\u00e8vre<\/strong>Si cela persiste, il est n\u00e9cessaire de l&#039;emmener chez un v\u00e9t\u00e9rinaire pour un traitement. <strong>manque d&#039;app\u00e9tit et inflammation de la zone<\/strong> Des l\u00e9sions peuvent \u00e9galement survenir suite \u00e0 la perforation. Il est \u00e9galement possible que le chat souffre <strong>probl\u00e8mes respiratoires<\/strong>Dans ce cas, il faut imm\u00e9diatement se rendre chez un professionnel pour recevoir des soins le plus rapidement possible.<\/p>","protected":false},"excerpt":{"rendered":"<p>\u00bfConoces el calendario de vacunaci\u00f3n para gatos? Si queremos que nuestra mascota presuma de una salud de hierro, es imprescindible que lleve al d\u00eda todas las vacunas con las que se evitan numerosas enfermedades, ya sean bacterianas o v\u00edricas. Si quieres conocer cu\u00e1ndo tienes que ir al veterinario para prevenir que tu amigo de cuatro &#8230; <a title=\"Calendrier de vaccination pour les chats : dates et vaccins n\u00e9cessaires\" class=\"read-more\" href=\"https:\/\/almanimal.com\/fr\/sante-du-chat\/calendrier-de-vaccination-pour-les-chats\/\" aria-label=\"En savoir plus sur Calendario de vacunaci\u00f3n para gatos: fechas y vacunas necesarias\">Lire la suite<\/a><\/p>","protected":false},"author":20,"featured_media":16621,"comment_status":"open","ping_status":"open","sticky":false,"template":"","format":"standard","meta":{"footnotes":""},"categories":[1451],"tags":[1699,1856,1486,2194],"class_list":["post-16615","post","type-post","status-publish","format-standard","has-post-thumbnail","hentry","category-salud-gatos","tag-cuidados-gatos","tag-enfermedades-gatos","tag-salud-gatos","tag-vacunacion-gatos"],"yoast_head":"<!-- This site is optimized with the Yoast SEO plugin v27.5 - https:\/\/yoast.com\/product\/yoast-seo-wordpress\/ -->\n<title>Calendario de vacunaci\u00f3n para gatos: fechas y vacunas necesarias<\/title>\n<meta name=\"description\" content=\"\u00bfConoces el calendario de vacunaci\u00f3n para gatos? Te lo explicamos paso a paso en este art\u00edculo para que protejas a tu mejor amigo.\" \/>\n<meta name=\"robots\" content=\"index, follow, max-snippet:-1, max-image-preview:large, max-video-preview:-1\" \/>\n<link rel=\"canonical\" href=\"https:\/\/almanimal.com\/fr\/sante-du-chat\/calendrier-de-vaccination-pour-les-chats\/\" \/>\n<meta property=\"og:locale\" content=\"fr_FR\" \/>\n<meta property=\"og:type\" content=\"article\" \/>\n<meta property=\"og:title\" content=\"Calendario de vacunaci\u00f3n para gatos: fechas y vacunas necesarias\" \/>\n<meta property=\"og:description\" content=\"\u00bfConoces el calendario de vacunaci\u00f3n para gatos? Te lo explicamos paso a paso en este art\u00edculo para que protejas a tu mejor amigo.\" \/>\n<meta property=\"og:url\" content=\"https:\/\/almanimal.com\/fr\/sante-du-chat\/calendrier-de-vaccination-pour-les-chats\/\" \/>\n<meta property=\"og:site_name\" content=\"Almanimal\" \/>\n<meta property=\"article:publisher\" content=\"https:\/\/www.facebook.com\/Lugarnia\/\" \/>\n<meta property=\"article:published_time\" content=\"2020-09-07T16:06:39+00:00\" \/>\n<meta property=\"article:modified_time\" content=\"2020-09-07T16:06:44+00:00\" \/>\n<meta property=\"og:image\" content=\"https:\/\/i0.wp.com\/almanimal.com\/wp-content\/uploads\/2020\/09\/vacunas-gatos-e1599461334989.jpg?fit=1200%2C735&ssl=1\" \/>\n\t<meta property=\"og:image:width\" content=\"1200\" \/>\n\t<meta property=\"og:image:height\" content=\"735\" \/>\n\t<meta property=\"og:image:type\" content=\"image\/jpeg\" \/>\n<meta name=\"author\" content=\"Iv\u00e1n Fresneda\" \/>\n<meta name=\"twitter:card\" content=\"summary_large_image\" \/>\n<meta name=\"twitter:creator\" content=\"@lugarnia_\" \/>\n<meta name=\"twitter:site\" content=\"@lugarnia_\" \/>\n<meta name=\"twitter:label1\" content=\"\u00c9crit par\" \/>\n\t<meta name=\"twitter:data1\" content=\"Iv\u00e1n Fresneda\" \/>\n\t<meta name=\"twitter:label2\" content=\"Dur\u00e9e de lecture estim\u00e9e\" \/>\n\t<meta name=\"twitter:data2\" content=\"5 minutes\" \/>\n<script type=\"application\/ld+json\" class=\"yoast-schema-graph\">{\"@context\":\"https:\\\/\\\/schema.org\",\"@graph\":[{\"@type\":\"Article\",\"@id\":\"https:\\\/\\\/almanimal.com\\\/salud-gatos\\\/calendario-de-vacunacion-para-gatos\\\/#article\",\"isPartOf\":{\"@id\":\"https:\\\/\\\/almanimal.com\\\/salud-gatos\\\/calendario-de-vacunacion-para-gatos\\\/\"},\"author\":{\"name\":\"Iv\u00e1n Fresneda\",\"@id\":\"https:\\\/\\\/almanimal.com\\\/#\\\/schema\\\/person\\\/6ed186ff065669ae7edab360e747304d\"},\"headline\":\"Calendario de vacunaci\u00f3n para gatos: fechas y vacunas necesarias\",\"datePublished\":\"2020-09-07T16:06:39+00:00\",\"dateModified\":\"2020-09-07T16:06:44+00:00\",\"mainEntityOfPage\":{\"@id\":\"https:\\\/\\\/almanimal.com\\\/salud-gatos\\\/calendario-de-vacunacion-para-gatos\\\/\"},\"wordCount\":916,\"commentCount\":0,\"publisher\":{\"@id\":\"https:\\\/\\\/almanimal.com\\\/#organization\"},\"image\":{\"@id\":\"https:\\\/\\\/almanimal.com\\\/salud-gatos\\\/calendario-de-vacunacion-para-gatos\\\/#primaryimage\"},\"thumbnailUrl\":\"https:\\\/\\\/almanimal.com\\\/wp-content\\\/uploads\\\/2020\\\/09\\\/vacunas-gatos-e1599461334989.jpg\",\"keywords\":[\"cuidados gatos\",\"enfermedades gatos\",\"salud gatos\",\"vacunaci\u00f3n gatos\"],\"articleSection\":[\"Salud Gatos\"],\"inLanguage\":\"fr-FR\",\"potentialAction\":[{\"@type\":\"CommentAction\",\"name\":\"Comment\",\"target\":[\"https:\\\/\\\/almanimal.com\\\/salud-gatos\\\/calendario-de-vacunacion-para-gatos\\\/#respond\"]}]},{\"@type\":\"WebPage\",\"@id\":\"https:\\\/\\\/almanimal.com\\\/salud-gatos\\\/calendario-de-vacunacion-para-gatos\\\/\",\"url\":\"https:\\\/\\\/almanimal.com\\\/salud-gatos\\\/calendario-de-vacunacion-para-gatos\\\/\",\"name\":\"Calendario de vacunaci\u00f3n para gatos: fechas y vacunas necesarias\",\"isPartOf\":{\"@id\":\"https:\\\/\\\/almanimal.com\\\/#website\"},\"primaryImageOfPage\":{\"@id\":\"https:\\\/\\\/almanimal.com\\\/salud-gatos\\\/calendario-de-vacunacion-para-gatos\\\/#primaryimage\"},\"image\":{\"@id\":\"https:\\\/\\\/almanimal.com\\\/salud-gatos\\\/calendario-de-vacunacion-para-gatos\\\/#primaryimage\"},\"thumbnailUrl\":\"https:\\\/\\\/almanimal.com\\\/wp-content\\\/uploads\\\/2020\\\/09\\\/vacunas-gatos-e1599461334989.jpg\",\"datePublished\":\"2020-09-07T16:06:39+00:00\",\"dateModified\":\"2020-09-07T16:06:44+00:00\",\"description\":\"\u00bfConoces el calendario de vacunaci\u00f3n para gatos? Te lo explicamos paso a paso en este art\u00edculo para que protejas a tu mejor amigo.\",\"breadcrumb\":{\"@id\":\"https:\\\/\\\/almanimal.com\\\/salud-gatos\\\/calendario-de-vacunacion-para-gatos\\\/#breadcrumb\"},\"inLanguage\":\"fr-FR\",\"potentialAction\":[{\"@type\":\"ReadAction\",\"target\":[\"https:\\\/\\\/almanimal.com\\\/salud-gatos\\\/calendario-de-vacunacion-para-gatos\\\/\"]}]},{\"@type\":\"ImageObject\",\"inLanguage\":\"fr-FR\",\"@id\":\"https:\\\/\\\/almanimal.com\\\/salud-gatos\\\/calendario-de-vacunacion-para-gatos\\\/#primaryimage\",\"url\":\"https:\\\/\\\/almanimal.com\\\/wp-content\\\/uploads\\\/2020\\\/09\\\/vacunas-gatos-e1599461334989.jpg\",\"contentUrl\":\"https:\\\/\\\/almanimal.com\\\/wp-content\\\/uploads\\\/2020\\\/09\\\/vacunas-gatos-e1599461334989.jpg\",\"width\":1200,\"height\":735,\"caption\":\"Calendario de vacunaci\u00f3n para gatos\"},{\"@type\":\"BreadcrumbList\",\"@id\":\"https:\\\/\\\/almanimal.com\\\/salud-gatos\\\/calendario-de-vacunacion-para-gatos\\\/#breadcrumb\",\"itemListElement\":[{\"@type\":\"ListItem\",\"position\":1,\"name\":\"Inicio\",\"item\":\"https:\\\/\\\/almanimal.com\\\/\"},{\"@type\":\"ListItem\",\"position\":2,\"name\":\"Salud Gatos\",\"item\":\"https:\\\/\\\/almanimal.com\\\/salud-gatos\\\/\"},{\"@type\":\"ListItem\",\"position\":3,\"name\":\"Calendario de vacunaci\u00f3n para gatos: fechas y vacunas necesarias\"}]},{\"@type\":\"WebSite\",\"@id\":\"https:\\\/\\\/almanimal.com\\\/#website\",\"url\":\"https:\\\/\\\/almanimal.com\\\/\",\"name\":\"Almanimal\",\"description\":\"Revista de animales donde hablamos sobre perros, gatos, aves, peque\u00f1os mam\u00edferos, acuarios, terrarios y curiosidades del mundo animal.\",\"publisher\":{\"@id\":\"https:\\\/\\\/almanimal.com\\\/#organization\"},\"potentialAction\":[{\"@type\":\"SearchAction\",\"target\":{\"@type\":\"EntryPoint\",\"urlTemplate\":\"https:\\\/\\\/almanimal.com\\\/?s={search_term_string}\"},\"query-input\":{\"@type\":\"PropertyValueSpecification\",\"valueRequired\":true,\"valueName\":\"search_term_string\"}}],\"inLanguage\":\"fr-FR\"},{\"@type\":\"Organization\",\"@id\":\"https:\\\/\\\/almanimal.com\\\/#organization\",\"name\":\"Almanimal\",\"url\":\"https:\\\/\\\/almanimal.com\\\/\",\"logo\":{\"@type\":\"ImageObject\",\"inLanguage\":\"fr-FR\",\"@id\":\"https:\\\/\\\/almanimal.com\\\/#\\\/schema\\\/logo\\\/image\\\/\",\"url\":\"https:\\\/\\\/i2.wp.com\\\/almanimal.com\\\/wp-content\\\/uploads\\\/2019\\\/10\\\/almanimal_logo-nav-3.png?fit=400%2C100&ssl=1\",\"contentUrl\":\"https:\\\/\\\/i2.wp.com\\\/almanimal.com\\\/wp-content\\\/uploads\\\/2019\\\/10\\\/almanimal_logo-nav-3.png?fit=400%2C100&ssl=1\",\"width\":400,\"height\":100,\"caption\":\"Almanimal\"},\"image\":{\"@id\":\"https:\\\/\\\/almanimal.com\\\/#\\\/schema\\\/logo\\\/image\\\/\"},\"sameAs\":[\"https:\\\/\\\/www.facebook.com\\\/Lugarnia\\\/\",\"https:\\\/\\\/x.com\\\/lugarnia_\",\"https:\\\/\\\/www.instagram.com\\\/lugarnia\\\/\"]},{\"@type\":\"Person\",\"@id\":\"https:\\\/\\\/almanimal.com\\\/#\\\/schema\\\/person\\\/6ed186ff065669ae7edab360e747304d\",\"name\":\"Iv\u00e1n Fresneda\",\"image\":{\"@type\":\"ImageObject\",\"inLanguage\":\"fr-FR\",\"@id\":\"https:\\\/\\\/secure.gravatar.com\\\/avatar\\\/679537483addce5c0f78eeeee0668dd50e7ac9271515218de2d0dc202748741c?s=96&d=mm&r=g\",\"url\":\"https:\\\/\\\/secure.gravatar.com\\\/avatar\\\/679537483addce5c0f78eeeee0668dd50e7ac9271515218de2d0dc202748741c?s=96&d=mm&r=g\",\"contentUrl\":\"https:\\\/\\\/secure.gravatar.com\\\/avatar\\\/679537483addce5c0f78eeeee0668dd50e7ac9271515218de2d0dc202748741c?s=96&d=mm&r=g\",\"caption\":\"Iv\u00e1n Fresneda\"},\"url\":\"https:\\\/\\\/almanimal.com\\\/fr\\\/author\\\/ivanfc\\\/\"}]}<\/script>\n<!-- \/ Yoast SEO plugin. -->","yoast_head_json":{"title":"Calendario de vacunaci\u00f3n para gatos: fechas y vacunas necesarias","description":"\u00bfConoces el calendario de vacunaci\u00f3n para gatos? Te lo explicamos paso a paso en este art\u00edculo para que protejas a tu mejor amigo.","robots":{"index":"index","follow":"follow","max-snippet":"max-snippet:-1","max-image-preview":"max-image-preview:large","max-video-preview":"max-video-preview:-1"},"canonical":"https:\/\/almanimal.com\/fr\/sante-du-chat\/calendrier-de-vaccination-pour-les-chats\/","og_locale":"fr_FR","og_type":"article","og_title":"Calendario de vacunaci\u00f3n para gatos: fechas y vacunas necesarias","og_description":"\u00bfConoces el calendario de vacunaci\u00f3n para gatos? Te lo explicamos paso a paso en este art\u00edculo para que protejas a tu mejor amigo.","og_url":"https:\/\/almanimal.com\/fr\/sante-du-chat\/calendrier-de-vaccination-pour-les-chats\/","og_site_name":"Almanimal","article_publisher":"https:\/\/www.facebook.com\/Lugarnia\/","article_published_time":"2020-09-07T16:06:39+00:00","article_modified_time":"2020-09-07T16:06:44+00:00","og_image":[{"width":1200,"height":735,"url":"https:\/\/i0.wp.com\/almanimal.com\/wp-content\/uploads\/2020\/09\/vacunas-gatos-e1599461334989.jpg?fit=1200%2C735&ssl=1","type":"image\/jpeg"}],"author":"Iv\u00e1n Fresneda","twitter_card":"summary_large_image","twitter_creator":"@lugarnia_","twitter_site":"@lugarnia_","twitter_misc":{"\u00c9crit par":"Iv\u00e1n Fresneda","Dur\u00e9e de lecture estim\u00e9e":"5 minutes"},"schema":{"@context":"https:\/\/schema.org","@graph":[{"@type":"Article","@id":"https:\/\/almanimal.com\/salud-gatos\/calendario-de-vacunacion-para-gatos\/#article","isPartOf":{"@id":"https:\/\/almanimal.com\/salud-gatos\/calendario-de-vacunacion-para-gatos\/"},"author":{"name":"Iv\u00e1n Fresneda","@id":"https:\/\/almanimal.com\/#\/schema\/person\/6ed186ff065669ae7edab360e747304d"},"headline":"Calendario de vacunaci\u00f3n para gatos: fechas y vacunas necesarias","datePublished":"2020-09-07T16:06:39+00:00","dateModified":"2020-09-07T16:06:44+00:00","mainEntityOfPage":{"@id":"https:\/\/almanimal.com\/salud-gatos\/calendario-de-vacunacion-para-gatos\/"},"wordCount":916,"commentCount":0,"publisher":{"@id":"https:\/\/almanimal.com\/#organization"},"image":{"@id":"https:\/\/almanimal.com\/salud-gatos\/calendario-de-vacunacion-para-gatos\/#primaryimage"},"thumbnailUrl":"https:\/\/almanimal.com\/wp-content\/uploads\/2020\/09\/vacunas-gatos-e1599461334989.jpg","keywords":["cuidados gatos","enfermedades gatos","salud gatos","vacunaci\u00f3n gatos"],"articleSection":["Salud Gatos"],"inLanguage":"fr-FR","potentialAction":[{"@type":"CommentAction","name":"Comment","target":["https:\/\/almanimal.com\/salud-gatos\/calendario-de-vacunacion-para-gatos\/#respond"]}]},{"@type":"WebPage","@id":"https:\/\/almanimal.com\/salud-gatos\/calendario-de-vacunacion-para-gatos\/","url":"https:\/\/almanimal.com\/salud-gatos\/calendario-de-vacunacion-para-gatos\/","name":"Calendario de vacunaci\u00f3n para gatos: fechas y vacunas necesarias","isPartOf":{"@id":"https:\/\/almanimal.com\/#website"},"primaryImageOfPage":{"@id":"https:\/\/almanimal.com\/salud-gatos\/calendario-de-vacunacion-para-gatos\/#primaryimage"},"image":{"@id":"https:\/\/almanimal.com\/salud-gatos\/calendario-de-vacunacion-para-gatos\/#primaryimage"},"thumbnailUrl":"https:\/\/almanimal.com\/wp-content\/uploads\/2020\/09\/vacunas-gatos-e1599461334989.jpg","datePublished":"2020-09-07T16:06:39+00:00","dateModified":"2020-09-07T16:06:44+00:00","description":"\u00bfConoces el calendario de vacunaci\u00f3n para gatos? Te lo explicamos paso a paso en este art\u00edculo para que protejas a tu mejor amigo.","breadcrumb":{"@id":"https:\/\/almanimal.com\/salud-gatos\/calendario-de-vacunacion-para-gatos\/#breadcrumb"},"inLanguage":"fr-FR","potentialAction":[{"@type":"ReadAction","target":["https:\/\/almanimal.com\/salud-gatos\/calendario-de-vacunacion-para-gatos\/"]}]},{"@type":"ImageObject","inLanguage":"fr-FR","@id":"https:\/\/almanimal.com\/salud-gatos\/calendario-de-vacunacion-para-gatos\/#primaryimage","url":"https:\/\/almanimal.com\/wp-content\/uploads\/2020\/09\/vacunas-gatos-e1599461334989.jpg","contentUrl":"https:\/\/almanimal.com\/wp-content\/uploads\/2020\/09\/vacunas-gatos-e1599461334989.jpg","width":1200,"height":735,"caption":"Calendario de vacunaci\u00f3n para gatos"},{"@type":"BreadcrumbList","@id":"https:\/\/almanimal.com\/salud-gatos\/calendario-de-vacunacion-para-gatos\/#breadcrumb","itemListElement":[{"@type":"ListItem","position":1,"name":"Inicio","item":"https:\/\/almanimal.com\/"},{"@type":"ListItem","position":2,"name":"Salud Gatos","item":"https:\/\/almanimal.com\/salud-gatos\/"},{"@type":"ListItem","position":3,"name":"Calendario de vacunaci\u00f3n para gatos: fechas y vacunas necesarias"}]},{"@type":"WebSite","@id":"https:\/\/almanimal.com\/#website","url":"https:\/\/almanimal.com\/","name":"Almanimal","description":"Revista de animales donde hablamos sobre perros, gatos, aves, peque\u00f1os mam\u00edferos, acuarios, terrarios y curiosidades del mundo animal.","publisher":{"@id":"https:\/\/almanimal.com\/#organization"},"potentialAction":[{"@type":"SearchAction","target":{"@type":"EntryPoint","urlTemplate":"https:\/\/almanimal.com\/?s={search_term_string}"},"query-input":{"@type":"PropertyValueSpecification","valueRequired":true,"valueName":"search_term_string"}}],"inLanguage":"fr-FR"},{"@type":"Organization","@id":"https:\/\/almanimal.com\/#organization","name":"Almanimal","url":"https:\/\/almanimal.com\/","logo":{"@type":"ImageObject","inLanguage":"fr-FR","@id":"https:\/\/almanimal.com\/#\/schema\/logo\/image\/","url":"https:\/\/i2.wp.com\/almanimal.com\/wp-content\/uploads\/2019\/10\/almanimal_logo-nav-3.png?fit=400%2C100&ssl=1","contentUrl":"https:\/\/i2.wp.com\/almanimal.com\/wp-content\/uploads\/2019\/10\/almanimal_logo-nav-3.png?fit=400%2C100&ssl=1","width":400,"height":100,"caption":"Almanimal"},"image":{"@id":"https:\/\/almanimal.com\/#\/schema\/logo\/image\/"},"sameAs":["https:\/\/www.facebook.com\/Lugarnia\/","https:\/\/x.com\/lugarnia_","https:\/\/www.instagram.com\/lugarnia\/"]},{"@type":"Person","@id":"https:\/\/almanimal.com\/#\/schema\/person\/6ed186ff065669ae7edab360e747304d","name":"Iv\u00e1n Fresneda","image":{"@type":"ImageObject","inLanguage":"fr-FR","@id":"https:\/\/secure.gravatar.com\/avatar\/679537483addce5c0f78eeeee0668dd50e7ac9271515218de2d0dc202748741c?s=96&d=mm&r=g","url":"https:\/\/secure.gravatar.com\/avatar\/679537483addce5c0f78eeeee0668dd50e7ac9271515218de2d0dc202748741c?s=96&d=mm&r=g","contentUrl":"https:\/\/secure.gravatar.com\/avatar\/679537483addce5c0f78eeeee0668dd50e7ac9271515218de2d0dc202748741c?s=96&d=mm&r=g","caption":"Iv\u00e1n Fresneda"},"url":"https:\/\/almanimal.com\/fr\/author\/ivanfc\/"}]}},"_links":{"self":[{"href":"https:\/\/almanimal.com\/fr\/wp-json\/wp\/v2\/posts\/16615","targetHints":{"allow":["GET"]}}],"collection":[{"href":"https:\/\/almanimal.com\/fr\/wp-json\/wp\/v2\/posts"}],"about":[{"href":"https:\/\/almanimal.com\/fr\/wp-json\/wp\/v2\/types\/post"}],"author":[{"embeddable":true,"href":"https:\/\/almanimal.com\/fr\/wp-json\/wp\/v2\/users\/20"}],"replies":[{"embeddable":true,"href":"https:\/\/almanimal.com\/fr\/wp-json\/wp\/v2\/comments?post=16615"}],"version-history":[{"count":5,"href":"https:\/\/almanimal.com\/fr\/wp-json\/wp\/v2\/posts\/16615\/revisions"}],"predecessor-version":[{"id":16630,"href":"https:\/\/almanimal.com\/fr\/wp-json\/wp\/v2\/posts\/16615\/revisions\/16630"}],"wp:featuredmedia":[{"embeddable":true,"href":"https:\/\/almanimal.com\/fr\/wp-json\/wp\/v2\/media\/16621"}],"wp:attachment":[{"href":"https:\/\/almanimal.com\/fr\/wp-json\/wp\/v2\/media?parent=16615"}],"wp:term":[{"taxonomy":"category","embeddable":true,"href":"https:\/\/almanimal.com\/fr\/wp-json\/wp\/v2\/categories?post=16615"},{"taxonomy":"post_tag","embeddable":true,"href":"https:\/\/almanimal.com\/fr\/wp-json\/wp\/v2\/tags?post=16615"}],"curies":[{"name":"wp","href":"https:\/\/api.w.org\/{rel}","templated":true}]}}