{"id":16697,"date":"2020-09-12T18:53:48","date_gmt":"2020-09-12T16:53:48","guid":{"rendered":"https:\/\/almanimal.com\/?p=16697"},"modified":"2021-08-17T11:17:24","modified_gmt":"2021-08-17T09:17:24","slug":"repos-du-chien","status":"publish","type":"post","link":"https:\/\/almanimal.com\/fr\/sante-du-chien\/repos-du-chien\/","title":{"rendered":"Le besoin de repos du chien"},"content":{"rendered":"<p>Pour les personnes qui vivent avec des chiens, les nombreux <strong>avantages de les emmener en promenade<\/strong>En fait, c&#039;est indispensable pour ces animaux. Mais aujourd&#039;hui, nous aimerions nous concentrer sur quelque chose qui passe souvent inaper\u00e7u\u00a0: leur <strong>besoin de repos<\/strong>.<\/p>\n\n\n\n<p>Il est facile de comprendre les aspects positifs d\u2019une promenade quotidienne. <strong>bienfaits pour la sant\u00e9<\/strong>, tant physiques que mentaux, affectent non seulement le chien, mais aussi le guide qui l&#039;accompagne. De plus, les promenades sont une excellente occasion de <strong>lien avec le chien<\/strong> et un grand moment de <a href=\"https:\/\/almanimal.com\/fr\/chiens\/le-langage-canin-apprend-a-interpreter\/\">socialisation<\/a>, \u00e9galement pour les deux.<\/p>\n\n\n\n<p>La plupart des chiens vivent une promenade comme une exp\u00e9rience excitante. Il est temps de <strong>jouer, s&#039;amuser, renifler, interagir avec d&#039;autres chiens<\/strong>, etc. C&#039;est acceptable tant que l&#039;excitation n&#039;est pas exag\u00e9r\u00e9e, car \u00e0 ce stade, la situation devient dangereuse. Les chiens, surtout lorsqu&#039;ils sont jeunes, <strong>Ils doivent traiter beaucoup d\u2019informations avec de nouvelles exp\u00e9riences<\/strong> et peut se sentir d\u00e9pass\u00e9 de plusieurs fa\u00e7ons, ce qui produit un stress malsain lorsqu&#039;il est en d\u00e9placement.<\/p>\n\n\n\n<p>Le <strong>adr\u00e9naline<\/strong> C&#039;est une hormone qui est responsable de <strong>contr\u00f4le des r\u00e9actions imm\u00e9diates<\/strong> en situation de pression ou de stress. On l&#039;appelle d&#039;ailleurs l&#039;hormone de combat ou de fuite. Dans les moments de stress, les chiens combinent la production d&#039;adr\u00e9naline avec celle de <strong>cortisol<\/strong>De cette fa\u00e7on, tandis que l&#039;adr\u00e9naline vous donne plus d&#039;\u00e9nergie et une plus grande capacit\u00e9 d&#039;attention, le cortisol <strong>contr\u00f4le les fonctions corporelles<\/strong> comme la respiration ou la circulation, fournissant \u00e0 votre corps les moyens n\u00e9cessaires pour faire face \u00e0 cette situation compliqu\u00e9e et en sortir.<\/p>\n\n\n\n<p>Cette combinaison d\u2019hormones, m\u00eame si elle est naturelle, <strong>La production excessive a des effets n\u00e9gatifs<\/strong> Des troubles tels que des d\u00e9ficits immunitaires, des probl\u00e8mes digestifs ou cutan\u00e9s, et m\u00eame des maladies comme la pancr\u00e9atite ou les ulc\u00e8res d&#039;estomac, peuvent survenir. Par cons\u00e9quent, exposer continuellement votre chien \u00e0 des situations qui stimulent sa production d&#039;adr\u00e9naline et de cortisol entra\u00eenera \u00e0 terme des probl\u00e8mes de sant\u00e9.<\/p>\n\n\n\n<h2 class=\"wp-block-heading\">Repos chez les chiens<\/h2>\n\n\n\n<p>La meilleure fa\u00e7on de garantir que nos chiens \u00e9vitent l&#039;exc\u00e8s de cortisol et d&#039;adr\u00e9naline dans leur corps est de leur offrir <strong>jours de repos p\u00e9riodiques<\/strong>Ces jours-l\u00e0, la promenade sera supprim\u00e9e et l&#039;enfant pourra se d\u00e9tendre \u00e0 la maison, sans interaction avec le monde ext\u00e9rieur. Cela lui permettra de se d\u00e9connecter de sa routine quotidienne et <strong>une production de cortisol plus faible<\/strong> et \u00e9liminer tout exc\u00e8s accumul\u00e9. Appelons cela une d\u00e9tox anti-stress canine.<\/p>\n\n\n\n<p>Mais certains d&#039;entre vous se demandent peut-\u00eatre comment arr\u00eater de promener son chien si c&#039;est le meilleur moment de la journ\u00e9e. Cela arrive parce qu&#039;on s&#039;habitue \u00e0 interagir avec lui pendant les promenades et qu&#039;on ne fait plus d&#039;activit\u00e9s avec lui en dehors de ce moment de d\u00e9tente. Mais oui, il est n\u00e9cessaire de pr\u00e9voir des jours (voire une semaine dans des situations extr\u00eames) o\u00f9 <strong>le chien n&#039;est pas expos\u00e9 \u00e0 des exp\u00e9riences ext\u00e9rieures \u00e0 la maison<\/strong>.<\/p>\n\n\n\n<div class=\"wp-block-image\"><figure class=\"aligncenter size-large is-resized\"><img fetchpriority=\"high\" decoding=\"async\" src=\"https:\/\/almanimal.com\/wp-content\/uploads\/2020\/09\/perro-en-cama-1000x667.jpg\" alt=\"Chiot dans un panier de lit\" class=\"wp-image-16703\" width=\"882\" height=\"586\"\/><\/figure><\/div>\n\n\n\n<p>Cela ne signifie pas que vous ne pouvez pas faire d&#039;autres types d&#039;activit\u00e9s ou de jeux avec eux. En fait, les chiens <strong>besoin d&#039;une stimulation constante<\/strong> physiquement et mentalement. L&#039;ennui dans leur vie n&#039;est pas bon non plus. Il est possible de faire des exercices \u00e0 la maison pour sentir, chercher, mordre ou <a href=\"https:\/\/almanimal.com\/fr\/education-et-soins-canins\/apprendre-a-votre-chien-a-sasseoir\/\">\u00e9ducation<\/a>entre autres.<\/p>\n\n\n\n<h2 class=\"wp-block-heading\">Stimuler votre chien les jours de repos<\/h2>\n\n\n\n<p>Voici quelques id\u00e9es d\u2019activit\u00e9s pour occuper vos jours de cong\u00e9\u00a0:<\/p>\n\n\n\n<ul class=\"wp-block-list\"><li><strong>Jeux d&#039;odorat<\/strong>Cacher de la nourriture ou des friandises \u00e0 des endroits pr\u00e9cis de la maison stimule et entra\u00eene grandement l&#039;odorat de votre chien. Vous pouvez \u00e9galement utiliser des Kongs ou des jouets casse-t\u00eate pour cette activit\u00e9.<\/li><li><strong>Jeux de m\u00e9moire<\/strong>:Aussi simple que de faire des gestes simples que le chien peut imiter et d&#039;augmenter progressivement la difficult\u00e9.<\/li><li><strong>Jeux mordants<\/strong>: Lui donner un os, un Kong congel\u00e9 ou des outils d&#039;entra\u00eenement \u00e0 m\u00e2cher exercera sa bouche et sa t\u00eate.<\/li><li>N&#039;oubliez pas l&#039;activit\u00e9 la plus importante :<strong>dormir<\/strong>La plupart des chiens ne dorment pas assez, et ces jours-ci sont parfaits pour les aider \u00e0 dormir davantage et mieux. Trouvez un endroit calme avec un \u00e9clairage tamis\u00e9 et, si possible, un <a href=\"https:\/\/www.mismascotas.es\/12-camas-para-perros\" target=\"_blank\" rel=\"noreferrer noopener\">lit pour chien<\/a> confortable et doux o\u00f9 vous pourrez vous sentir d\u00e9tendu.<\/li><\/ul>\n\n\n\n<p>Nous sommes conscients que nos chiens <strong>besoin de faire de l&#039;exercice<\/strong> pour \u00eatre en bonne sant\u00e9. Nous savons aussi combien il est important pour eux de pouvoir <strong>socialiser et exp\u00e9rimenter<\/strong> lors de leurs promenades. Mais si nous ne voulons pas les imposer \u00e0 des situations stressantes constantes qui tournent mal, nous devons essayer de pr\u00e9voir au moins <strong>un jour de repos par semaine<\/strong>.<\/p>\n\n\n\n<p><\/p>","protected":false},"excerpt":{"rendered":"<p>Para aquellas personas que conviven con perros, de sobra son conocidos los muchos beneficios que les reporta el sacarlos a pasear. De hecho, es algo imprescindible para estas mascotas. Pero hoy nos gustar\u00eda centrarnos en algo que suele pasar m\u00e1s desapercibido. Hablamos de su necesidad de descanso. Es f\u00e1cil entender los aspectos positivos que est\u00e1n &#8230; <a title=\"Le besoin de repos du chien\" class=\"read-more\" href=\"https:\/\/almanimal.com\/fr\/sante-du-chien\/repos-du-chien\/\" aria-label=\"En savoir plus sur La necesidad de descansar en el perro\">Lire la suite<\/a><\/p>","protected":false},"author":20,"featured_media":16702,"comment_status":"open","ping_status":"open","sticky":false,"template":"","format":"standard","meta":{"footnotes":""},"categories":[1450],"tags":[2207,2206,2205,2204,1460],"class_list":["post-16697","post","type-post","status-publish","format-standard","has-post-thumbnail","hentry","category-salud-perros","tag-cama-para-perros","tag-descansar","tag-descanso","tag-descanso-del-perro","tag-perro"],"yoast_head":"<!-- This site is optimized with the Yoast SEO plugin v27.5 - https:\/\/yoast.com\/product\/yoast-seo-wordpress\/ -->\n<title>La necesidad de descansar en el perro<\/title>\n<meta name=\"description\" content=\"En este art\u00edculo te contamos lo importante que es para un perro el descanso y las claves para que sea, adem\u00e1s, de calidad.\" \/>\n<meta name=\"robots\" content=\"index, follow, max-snippet:-1, max-image-preview:large, max-video-preview:-1\" \/>\n<link rel=\"canonical\" href=\"https:\/\/almanimal.com\/fr\/sante-du-chien\/repos-du-chien\/\" \/>\n<meta property=\"og:locale\" content=\"fr_FR\" \/>\n<meta property=\"og:type\" content=\"article\" \/>\n<meta property=\"og:title\" content=\"La necesidad de descansar en el perro\" \/>\n<meta property=\"og:description\" content=\"En este art\u00edculo te contamos lo importante que es para un perro el descanso y las claves para que sea, adem\u00e1s, de calidad.\" \/>\n<meta property=\"og:url\" content=\"https:\/\/almanimal.com\/fr\/sante-du-chien\/repos-du-chien\/\" \/>\n<meta property=\"og:site_name\" content=\"Almanimal\" \/>\n<meta property=\"article:publisher\" content=\"https:\/\/www.facebook.com\/Lugarnia\/\" \/>\n<meta property=\"article:published_time\" content=\"2020-09-12T16:53:48+00:00\" \/>\n<meta property=\"article:modified_time\" content=\"2021-08-17T09:17:24+00:00\" \/>\n<meta property=\"og:image\" content=\"https:\/\/i1.wp.com\/almanimal.com\/wp-content\/uploads\/2020\/09\/perro-descansando-scaled.jpg?fit=2560%2C1438&ssl=1\" \/>\n\t<meta property=\"og:image:width\" content=\"2560\" \/>\n\t<meta property=\"og:image:height\" content=\"1438\" \/>\n\t<meta property=\"og:image:type\" content=\"image\/jpeg\" \/>\n<meta name=\"author\" content=\"Iv\u00e1n Fresneda\" \/>\n<meta name=\"twitter:card\" content=\"summary_large_image\" \/>\n<meta name=\"twitter:creator\" content=\"@lugarnia_\" \/>\n<meta name=\"twitter:site\" content=\"@lugarnia_\" \/>\n<meta name=\"twitter:label1\" content=\"\u00c9crit par\" \/>\n\t<meta name=\"twitter:data1\" content=\"Iv\u00e1n Fresneda\" \/>\n\t<meta name=\"twitter:label2\" content=\"Dur\u00e9e de lecture estim\u00e9e\" \/>\n\t<meta name=\"twitter:data2\" content=\"4 minutes\" \/>\n<script type=\"application\/ld+json\" class=\"yoast-schema-graph\">{\"@context\":\"https:\\\/\\\/schema.org\",\"@graph\":[{\"@type\":\"Article\",\"@id\":\"https:\\\/\\\/almanimal.com\\\/salud-perros\\\/descanso-del-perro\\\/#article\",\"isPartOf\":{\"@id\":\"https:\\\/\\\/almanimal.com\\\/salud-perros\\\/descanso-del-perro\\\/\"},\"author\":{\"name\":\"Iv\u00e1n Fresneda\",\"@id\":\"https:\\\/\\\/almanimal.com\\\/#\\\/schema\\\/person\\\/6ed186ff065669ae7edab360e747304d\"},\"headline\":\"La necesidad de descansar en el perro\",\"datePublished\":\"2020-09-12T16:53:48+00:00\",\"dateModified\":\"2021-08-17T09:17:24+00:00\",\"mainEntityOfPage\":{\"@id\":\"https:\\\/\\\/almanimal.com\\\/salud-perros\\\/descanso-del-perro\\\/\"},\"wordCount\":821,\"commentCount\":0,\"publisher\":{\"@id\":\"https:\\\/\\\/almanimal.com\\\/#organization\"},\"image\":{\"@id\":\"https:\\\/\\\/almanimal.com\\\/salud-perros\\\/descanso-del-perro\\\/#primaryimage\"},\"thumbnailUrl\":\"https:\\\/\\\/almanimal.com\\\/wp-content\\\/uploads\\\/2020\\\/09\\\/perro-descansando-scaled.jpg\",\"keywords\":[\"cama para perros\",\"descansar\",\"descanso\",\"descanso del perro\",\"perro\"],\"articleSection\":[\"Salud Perros\"],\"inLanguage\":\"fr-FR\",\"potentialAction\":[{\"@type\":\"CommentAction\",\"name\":\"Comment\",\"target\":[\"https:\\\/\\\/almanimal.com\\\/salud-perros\\\/descanso-del-perro\\\/#respond\"]}]},{\"@type\":\"WebPage\",\"@id\":\"https:\\\/\\\/almanimal.com\\\/salud-perros\\\/descanso-del-perro\\\/\",\"url\":\"https:\\\/\\\/almanimal.com\\\/salud-perros\\\/descanso-del-perro\\\/\",\"name\":\"La necesidad de descansar en el perro\",\"isPartOf\":{\"@id\":\"https:\\\/\\\/almanimal.com\\\/#website\"},\"primaryImageOfPage\":{\"@id\":\"https:\\\/\\\/almanimal.com\\\/salud-perros\\\/descanso-del-perro\\\/#primaryimage\"},\"image\":{\"@id\":\"https:\\\/\\\/almanimal.com\\\/salud-perros\\\/descanso-del-perro\\\/#primaryimage\"},\"thumbnailUrl\":\"https:\\\/\\\/almanimal.com\\\/wp-content\\\/uploads\\\/2020\\\/09\\\/perro-descansando-scaled.jpg\",\"datePublished\":\"2020-09-12T16:53:48+00:00\",\"dateModified\":\"2021-08-17T09:17:24+00:00\",\"description\":\"En este art\u00edculo te contamos lo importante que es para un perro el descanso y las claves para que sea, adem\u00e1s, de calidad.\",\"breadcrumb\":{\"@id\":\"https:\\\/\\\/almanimal.com\\\/salud-perros\\\/descanso-del-perro\\\/#breadcrumb\"},\"inLanguage\":\"fr-FR\",\"potentialAction\":[{\"@type\":\"ReadAction\",\"target\":[\"https:\\\/\\\/almanimal.com\\\/salud-perros\\\/descanso-del-perro\\\/\"]}]},{\"@type\":\"ImageObject\",\"inLanguage\":\"fr-FR\",\"@id\":\"https:\\\/\\\/almanimal.com\\\/salud-perros\\\/descanso-del-perro\\\/#primaryimage\",\"url\":\"https:\\\/\\\/almanimal.com\\\/wp-content\\\/uploads\\\/2020\\\/09\\\/perro-descansando-scaled.jpg\",\"contentUrl\":\"https:\\\/\\\/almanimal.com\\\/wp-content\\\/uploads\\\/2020\\\/09\\\/perro-descansando-scaled.jpg\",\"width\":2560,\"height\":1438,\"caption\":\"Beagle durmiendo\"},{\"@type\":\"BreadcrumbList\",\"@id\":\"https:\\\/\\\/almanimal.com\\\/salud-perros\\\/descanso-del-perro\\\/#breadcrumb\",\"itemListElement\":[{\"@type\":\"ListItem\",\"position\":1,\"name\":\"Inicio\",\"item\":\"https:\\\/\\\/almanimal.com\\\/\"},{\"@type\":\"ListItem\",\"position\":2,\"name\":\"Salud Perros\",\"item\":\"https:\\\/\\\/almanimal.com\\\/salud-perros\\\/\"},{\"@type\":\"ListItem\",\"position\":3,\"name\":\"La necesidad de descansar en el perro\"}]},{\"@type\":\"WebSite\",\"@id\":\"https:\\\/\\\/almanimal.com\\\/#website\",\"url\":\"https:\\\/\\\/almanimal.com\\\/\",\"name\":\"Almanimal\",\"description\":\"Revista de animales donde hablamos sobre perros, gatos, aves, peque\u00f1os mam\u00edferos, acuarios, terrarios y curiosidades del mundo animal.\",\"publisher\":{\"@id\":\"https:\\\/\\\/almanimal.com\\\/#organization\"},\"potentialAction\":[{\"@type\":\"SearchAction\",\"target\":{\"@type\":\"EntryPoint\",\"urlTemplate\":\"https:\\\/\\\/almanimal.com\\\/?s={search_term_string}\"},\"query-input\":{\"@type\":\"PropertyValueSpecification\",\"valueRequired\":true,\"valueName\":\"search_term_string\"}}],\"inLanguage\":\"fr-FR\"},{\"@type\":\"Organization\",\"@id\":\"https:\\\/\\\/almanimal.com\\\/#organization\",\"name\":\"Almanimal\",\"url\":\"https:\\\/\\\/almanimal.com\\\/\",\"logo\":{\"@type\":\"ImageObject\",\"inLanguage\":\"fr-FR\",\"@id\":\"https:\\\/\\\/almanimal.com\\\/#\\\/schema\\\/logo\\\/image\\\/\",\"url\":\"https:\\\/\\\/i2.wp.com\\\/almanimal.com\\\/wp-content\\\/uploads\\\/2019\\\/10\\\/almanimal_logo-nav-3.png?fit=400%2C100&ssl=1\",\"contentUrl\":\"https:\\\/\\\/i2.wp.com\\\/almanimal.com\\\/wp-content\\\/uploads\\\/2019\\\/10\\\/almanimal_logo-nav-3.png?fit=400%2C100&ssl=1\",\"width\":400,\"height\":100,\"caption\":\"Almanimal\"},\"image\":{\"@id\":\"https:\\\/\\\/almanimal.com\\\/#\\\/schema\\\/logo\\\/image\\\/\"},\"sameAs\":[\"https:\\\/\\\/www.facebook.com\\\/Lugarnia\\\/\",\"https:\\\/\\\/x.com\\\/lugarnia_\",\"https:\\\/\\\/www.instagram.com\\\/lugarnia\\\/\"]},{\"@type\":\"Person\",\"@id\":\"https:\\\/\\\/almanimal.com\\\/#\\\/schema\\\/person\\\/6ed186ff065669ae7edab360e747304d\",\"name\":\"Iv\u00e1n Fresneda\",\"image\":{\"@type\":\"ImageObject\",\"inLanguage\":\"fr-FR\",\"@id\":\"https:\\\/\\\/secure.gravatar.com\\\/avatar\\\/679537483addce5c0f78eeeee0668dd50e7ac9271515218de2d0dc202748741c?s=96&d=mm&r=g\",\"url\":\"https:\\\/\\\/secure.gravatar.com\\\/avatar\\\/679537483addce5c0f78eeeee0668dd50e7ac9271515218de2d0dc202748741c?s=96&d=mm&r=g\",\"contentUrl\":\"https:\\\/\\\/secure.gravatar.com\\\/avatar\\\/679537483addce5c0f78eeeee0668dd50e7ac9271515218de2d0dc202748741c?s=96&d=mm&r=g\",\"caption\":\"Iv\u00e1n Fresneda\"},\"url\":\"https:\\\/\\\/almanimal.com\\\/fr\\\/author\\\/ivanfc\\\/\"}]}<\/script>\n<!-- \/ Yoast SEO plugin. -->","yoast_head_json":{"title":"La necesidad de descansar en el perro","description":"En este art\u00edculo te contamos lo importante que es para un perro el descanso y las claves para que sea, adem\u00e1s, de calidad.","robots":{"index":"index","follow":"follow","max-snippet":"max-snippet:-1","max-image-preview":"max-image-preview:large","max-video-preview":"max-video-preview:-1"},"canonical":"https:\/\/almanimal.com\/fr\/sante-du-chien\/repos-du-chien\/","og_locale":"fr_FR","og_type":"article","og_title":"La necesidad de descansar en el perro","og_description":"En este art\u00edculo te contamos lo importante que es para un perro el descanso y las claves para que sea, adem\u00e1s, de calidad.","og_url":"https:\/\/almanimal.com\/fr\/sante-du-chien\/repos-du-chien\/","og_site_name":"Almanimal","article_publisher":"https:\/\/www.facebook.com\/Lugarnia\/","article_published_time":"2020-09-12T16:53:48+00:00","article_modified_time":"2021-08-17T09:17:24+00:00","og_image":[{"width":2560,"height":1438,"url":"https:\/\/i1.wp.com\/almanimal.com\/wp-content\/uploads\/2020\/09\/perro-descansando-scaled.jpg?fit=2560%2C1438&ssl=1","type":"image\/jpeg"}],"author":"Iv\u00e1n Fresneda","twitter_card":"summary_large_image","twitter_creator":"@lugarnia_","twitter_site":"@lugarnia_","twitter_misc":{"\u00c9crit par":"Iv\u00e1n Fresneda","Dur\u00e9e de lecture estim\u00e9e":"4 minutes"},"schema":{"@context":"https:\/\/schema.org","@graph":[{"@type":"Article","@id":"https:\/\/almanimal.com\/salud-perros\/descanso-del-perro\/#article","isPartOf":{"@id":"https:\/\/almanimal.com\/salud-perros\/descanso-del-perro\/"},"author":{"name":"Iv\u00e1n Fresneda","@id":"https:\/\/almanimal.com\/#\/schema\/person\/6ed186ff065669ae7edab360e747304d"},"headline":"La necesidad de descansar en el perro","datePublished":"2020-09-12T16:53:48+00:00","dateModified":"2021-08-17T09:17:24+00:00","mainEntityOfPage":{"@id":"https:\/\/almanimal.com\/salud-perros\/descanso-del-perro\/"},"wordCount":821,"commentCount":0,"publisher":{"@id":"https:\/\/almanimal.com\/#organization"},"image":{"@id":"https:\/\/almanimal.com\/salud-perros\/descanso-del-perro\/#primaryimage"},"thumbnailUrl":"https:\/\/almanimal.com\/wp-content\/uploads\/2020\/09\/perro-descansando-scaled.jpg","keywords":["cama para perros","descansar","descanso","descanso del perro","perro"],"articleSection":["Salud Perros"],"inLanguage":"fr-FR","potentialAction":[{"@type":"CommentAction","name":"Comment","target":["https:\/\/almanimal.com\/salud-perros\/descanso-del-perro\/#respond"]}]},{"@type":"WebPage","@id":"https:\/\/almanimal.com\/salud-perros\/descanso-del-perro\/","url":"https:\/\/almanimal.com\/salud-perros\/descanso-del-perro\/","name":"La necesidad de descansar en el perro","isPartOf":{"@id":"https:\/\/almanimal.com\/#website"},"primaryImageOfPage":{"@id":"https:\/\/almanimal.com\/salud-perros\/descanso-del-perro\/#primaryimage"},"image":{"@id":"https:\/\/almanimal.com\/salud-perros\/descanso-del-perro\/#primaryimage"},"thumbnailUrl":"https:\/\/almanimal.com\/wp-content\/uploads\/2020\/09\/perro-descansando-scaled.jpg","datePublished":"2020-09-12T16:53:48+00:00","dateModified":"2021-08-17T09:17:24+00:00","description":"En este art\u00edculo te contamos lo importante que es para un perro el descanso y las claves para que sea, adem\u00e1s, de calidad.","breadcrumb":{"@id":"https:\/\/almanimal.com\/salud-perros\/descanso-del-perro\/#breadcrumb"},"inLanguage":"fr-FR","potentialAction":[{"@type":"ReadAction","target":["https:\/\/almanimal.com\/salud-perros\/descanso-del-perro\/"]}]},{"@type":"ImageObject","inLanguage":"fr-FR","@id":"https:\/\/almanimal.com\/salud-perros\/descanso-del-perro\/#primaryimage","url":"https:\/\/almanimal.com\/wp-content\/uploads\/2020\/09\/perro-descansando-scaled.jpg","contentUrl":"https:\/\/almanimal.com\/wp-content\/uploads\/2020\/09\/perro-descansando-scaled.jpg","width":2560,"height":1438,"caption":"Beagle durmiendo"},{"@type":"BreadcrumbList","@id":"https:\/\/almanimal.com\/salud-perros\/descanso-del-perro\/#breadcrumb","itemListElement":[{"@type":"ListItem","position":1,"name":"Inicio","item":"https:\/\/almanimal.com\/"},{"@type":"ListItem","position":2,"name":"Salud Perros","item":"https:\/\/almanimal.com\/salud-perros\/"},{"@type":"ListItem","position":3,"name":"La necesidad de descansar en el perro"}]},{"@type":"WebSite","@id":"https:\/\/almanimal.com\/#website","url":"https:\/\/almanimal.com\/","name":"Almanimal","description":"Revista de animales donde hablamos sobre perros, gatos, aves, peque\u00f1os mam\u00edferos, acuarios, terrarios y curiosidades del mundo animal.","publisher":{"@id":"https:\/\/almanimal.com\/#organization"},"potentialAction":[{"@type":"SearchAction","target":{"@type":"EntryPoint","urlTemplate":"https:\/\/almanimal.com\/?s={search_term_string}"},"query-input":{"@type":"PropertyValueSpecification","valueRequired":true,"valueName":"search_term_string"}}],"inLanguage":"fr-FR"},{"@type":"Organization","@id":"https:\/\/almanimal.com\/#organization","name":"Almanimal","url":"https:\/\/almanimal.com\/","logo":{"@type":"ImageObject","inLanguage":"fr-FR","@id":"https:\/\/almanimal.com\/#\/schema\/logo\/image\/","url":"https:\/\/i2.wp.com\/almanimal.com\/wp-content\/uploads\/2019\/10\/almanimal_logo-nav-3.png?fit=400%2C100&ssl=1","contentUrl":"https:\/\/i2.wp.com\/almanimal.com\/wp-content\/uploads\/2019\/10\/almanimal_logo-nav-3.png?fit=400%2C100&ssl=1","width":400,"height":100,"caption":"Almanimal"},"image":{"@id":"https:\/\/almanimal.com\/#\/schema\/logo\/image\/"},"sameAs":["https:\/\/www.facebook.com\/Lugarnia\/","https:\/\/x.com\/lugarnia_","https:\/\/www.instagram.com\/lugarnia\/"]},{"@type":"Person","@id":"https:\/\/almanimal.com\/#\/schema\/person\/6ed186ff065669ae7edab360e747304d","name":"Iv\u00e1n Fresneda","image":{"@type":"ImageObject","inLanguage":"fr-FR","@id":"https:\/\/secure.gravatar.com\/avatar\/679537483addce5c0f78eeeee0668dd50e7ac9271515218de2d0dc202748741c?s=96&d=mm&r=g","url":"https:\/\/secure.gravatar.com\/avatar\/679537483addce5c0f78eeeee0668dd50e7ac9271515218de2d0dc202748741c?s=96&d=mm&r=g","contentUrl":"https:\/\/secure.gravatar.com\/avatar\/679537483addce5c0f78eeeee0668dd50e7ac9271515218de2d0dc202748741c?s=96&d=mm&r=g","caption":"Iv\u00e1n Fresneda"},"url":"https:\/\/almanimal.com\/fr\/author\/ivanfc\/"}]}},"_links":{"self":[{"href":"https:\/\/almanimal.com\/fr\/wp-json\/wp\/v2\/posts\/16697","targetHints":{"allow":["GET"]}}],"collection":[{"href":"https:\/\/almanimal.com\/fr\/wp-json\/wp\/v2\/posts"}],"about":[{"href":"https:\/\/almanimal.com\/fr\/wp-json\/wp\/v2\/types\/post"}],"author":[{"embeddable":true,"href":"https:\/\/almanimal.com\/fr\/wp-json\/wp\/v2\/users\/20"}],"replies":[{"embeddable":true,"href":"https:\/\/almanimal.com\/fr\/wp-json\/wp\/v2\/comments?post=16697"}],"version-history":[{"count":2,"href":"https:\/\/almanimal.com\/fr\/wp-json\/wp\/v2\/posts\/16697\/revisions"}],"predecessor-version":[{"id":16704,"href":"https:\/\/almanimal.com\/fr\/wp-json\/wp\/v2\/posts\/16697\/revisions\/16704"}],"wp:featuredmedia":[{"embeddable":true,"href":"https:\/\/almanimal.com\/fr\/wp-json\/wp\/v2\/media\/16702"}],"wp:attachment":[{"href":"https:\/\/almanimal.com\/fr\/wp-json\/wp\/v2\/media?parent=16697"}],"wp:term":[{"taxonomy":"category","embeddable":true,"href":"https:\/\/almanimal.com\/fr\/wp-json\/wp\/v2\/categories?post=16697"},{"taxonomy":"post_tag","embeddable":true,"href":"https:\/\/almanimal.com\/fr\/wp-json\/wp\/v2\/tags?post=16697"}],"curies":[{"name":"wp","href":"https:\/\/api.w.org\/{rel}","templated":true}]}}