{"id":16724,"date":"2020-09-16T13:00:00","date_gmt":"2020-09-16T11:00:00","guid":{"rendered":"https:\/\/almanimal.com\/?p=16724"},"modified":"2020-09-17T09:26:22","modified_gmt":"2020-09-17T07:26:22","slug":"toux-de-chenil","status":"publish","type":"post","link":"https:\/\/almanimal.com\/fr\/sante-du-chien\/toux-de-chenil\/","title":{"rendered":"Toux de chenil : sympt\u00f4mes, traitement, contagion et dur\u00e9e"},"content":{"rendered":"<p>L&#039;une des maladies les plus courantes chez les chiens est la trach\u00e9obronchite infectieuse canine, mieux connue sous le nom de <strong>toux de chenil<\/strong>On lui a donn\u00e9 ce nom car, autrefois, elle \u00e9tait tr\u00e8s courante dans les endroits fr\u00e9quent\u00e9s par de nombreux chiens et o\u00f9 l&#039;hygi\u00e8ne \u00e9tait d\u00e9plorable, comme les chenils, et la contagion \u00e9tait facile et rapide. Aujourd&#039;hui, ce n&#039;est plus un probl\u00e8me d&#039;hygi\u00e8ne, mais elle reste tout aussi contagieuse dans les parcs \u00e0 chiens, les familles d&#039;accueil et les refuges, entre autres.<\/p>\n\n\n\n<h2 class=\"wp-block-heading\">Qu&#039;est-ce que la toux de chenil ?<\/h2>\n\n\n\n<p>La trach\u00e9obronchite infectieuse canine est une <strong>maladie caus\u00e9e par l&#039;ad\u00e9novirus canin de type 2 ou virus parainfluenza (PIC)<\/strong>Ces deux maladies affectent les voies respiratoires du chien et favorisent l&#039;infection bact\u00e9rienne. Parfois, la maladie <strong>Elle peut se d\u00e9velopper simplement en raison de la pr\u00e9sence de bact\u00e9ries, du virus de la maladie de Carr\u00e9 ou de l\u2019herp\u00e8svirus.<\/strong>.<\/p>\n\n\n\n<p>Comme nous l&#039;avons mentionn\u00e9, la toux de chenil est une maladie qui affecte le syst\u00e8me respiratoire de l&#039;animal et provoque une infection dont la gravit\u00e9 varie selon les agents pathog\u00e8nes impliqu\u00e9s, le nombre de jours d&#039;infection et certaines conditions ext\u00e9rieures, comme la temp\u00e9rature ou l&#039;humidit\u00e9. Surtout, pas de panique\u00a0! <strong>C&#039;est une maladie tr\u00e8s courante, pas tr\u00e8s grave et avec un traitement appropri\u00e9, qui doit \u00eatre d\u00e9cid\u00e9 par le v\u00e9t\u00e9rinaire, il n&#039;y aura pas de complications.<\/strong>Pour vous donner une id\u00e9e, c&#039;est l&#039;\u00e9quivalent d&#039;un rhume ou d&#039;une grippe chez l&#039;homme.<\/p>\n\n\n\n<div class=\"wp-block-image\"><figure class=\"aligncenter size-large\"><img fetchpriority=\"high\" decoding=\"async\" width=\"1000\" height=\"667\" src=\"https:\/\/almanimal.com\/wp-content\/uploads\/2020\/09\/tratamiento-tos-perreras.jpg\" alt=\"Comment traiter la toux de chenil\" class=\"wp-image-16729\" srcset=\"https:\/\/almanimal.com\/wp-content\/uploads\/2020\/09\/tratamiento-tos-perreras.jpg 1000w, https:\/\/almanimal.com\/wp-content\/uploads\/2020\/09\/tratamiento-tos-perreras-300x200.jpg 300w, https:\/\/almanimal.com\/wp-content\/uploads\/2020\/09\/tratamiento-tos-perreras-768x512.jpg 768w\" sizes=\"(max-width: 1000px) 100vw, 1000px\" \/><\/figure><\/div>\n\n\n\n<h2 class=\"wp-block-heading\">Traitement de la toux de chenil<\/h2>\n\n\n\n<p>Vous devez garder \u00e0 l&#039;esprit que <strong>C&#039;est une maladie qui se propage tr\u00e8s facilement<\/strong>, nous vous conseillons donc, lors de votre consultation chez le v\u00e9t\u00e9rinaire, d&#039;\u00e9viter tout contact avec d&#039;autres chiens. Le v\u00e9t\u00e9rinaire examinera le chien et, selon son \u00e9tat, d\u00e9cidera du traitement le plus adapt\u00e9 \u00e0 la maladie.<\/p>\n\n\n\n<p>La maladie peut \u00eatre caus\u00e9e par un grand nombre d\u2019agents infectieux et est le plus souvent trait\u00e9e par <strong>antibiotiques et anti-inflammatoires<\/strong> pour soulager les sympt\u00f4mes de l&#039;animal. Pendant le traitement, il est important <strong>Le chien atteint doit rester \u00e0 la maison et ne pas avoir de contact avec d\u2019autres chiens.<\/strong>Si vous sortez en promenade, \u00e9vitez tout contact avec d&#039;autres chiens afin d&#039;\u00e9viter la contagion et la propagation du virus. Il est \u00e9galement tr\u00e8s important d&#039;avoir un <strong>une bonne hydratation<\/strong> en cas de maladie pour d\u00e9gager les voies respiratoires.<\/p>\n\n\n\n<p>La dur\u00e9e du traitement peut varier selon la source de l&#039;infection et l&#039;\u00e9volution de la maladie. Dans la plupart des cas, si elle est d\u00e9tect\u00e9e t\u00f4t et trait\u00e9e correctement, <strong>Dans une ou deux semaines, le chien devrait \u00eatre gu\u00e9ri<\/strong>.<\/p>\n\n\n\n<p>Pendant le traitement, si vous ne constatez aucune am\u00e9lioration ou si l\u2019\u00e9tat de votre chien s\u2019aggrave, consultez imm\u00e9diatement votre v\u00e9t\u00e9rinaire.<\/p>\n\n\n\n<h2 class=\"wp-block-heading\">Comment se propage la trach\u00e9obronchite infectieuse canine ?<\/h2>\n\n\n\n<p>La toux de chenil, tout comme le rhume ou la grippe chez l\u2019homme, <strong>Elle se propage par les voies nasales et orales<\/strong>C&#039;est-\u00e0-dire par voie a\u00e9rienne ou par s\u00e9cr\u00e9tions corporelles. Il est donc difficile de contr\u00f4ler la maladie dans les endroits o\u00f9 se trouvent plusieurs chiens et o\u00f9 le chien infect\u00e9 ne peut \u00eatre isol\u00e9.<\/p>\n\n\n\n<div class=\"wp-block-image\"><figure class=\"aligncenter size-large\"><img decoding=\"async\" width=\"1000\" height=\"667\" src=\"https:\/\/almanimal.com\/wp-content\/uploads\/2020\/09\/sintomas-tos-perreras.jpg\" alt=\"Sympt\u00f4mes de la toux de chenil et contagion\" class=\"wp-image-16727\" srcset=\"https:\/\/almanimal.com\/wp-content\/uploads\/2020\/09\/sintomas-tos-perreras.jpg 1000w, https:\/\/almanimal.com\/wp-content\/uploads\/2020\/09\/sintomas-tos-perreras-300x200.jpg 300w, https:\/\/almanimal.com\/wp-content\/uploads\/2020\/09\/sintomas-tos-perreras-768x512.jpg 768w\" sizes=\"(max-width: 1000px) 100vw, 1000px\" \/><\/figure><\/div>\n\n\n\n<p>La maladie est contagieuse pendant deux semaines ; mais si elle est caus\u00e9e par la bact\u00e9rie <em>Bordetella bronchiseptica <\/em>la marge peut aller jusqu&#039;\u00e0 trois mois.<\/p>\n\n\n\n<p><strong>Cela affecte toutes les races de la m\u00eame mani\u00e8re.<\/strong>, mais les chiens avec un syst\u00e8me immunitaire faible sont plus sensibles, <a href=\"https:\/\/almanimal.com\/fr\/education-et-soins-canins\/prendre-soin-des-chiots-nouveau-nes\/\">chiots<\/a>, chiennes enceintes ou chiens \u00e2g\u00e9s.<\/p>\n\n\n\n<p>Sa contagion facile et sa propagation rapide rendent son contr\u00f4le tr\u00e8s difficile dans les chenils, les refuges ou les familles d&#039;accueil, car il y a tellement de chiens qu&#039;il est parfois difficile d&#039;en isoler compl\u00e8tement un ou plusieurs.<\/p>\n\n\n\n<h2 class=\"wp-block-heading\">Quels sont les sympt\u00f4mes de la toux de chenil ?<\/h2>\n\n\n\n<p>Causes de la toux de chenil <strong>toux s\u00e8che, forte et rauque<\/strong> Constamment d\u00fb \u00e0 une inflammation et une irritation des cordes vocales. Comme vous pouvez le constater, ces sympt\u00f4mes sont tr\u00e8s clairs et faciles \u00e0 identifier. <strong>malaise g\u00e9n\u00e9ral ou perte d&#039;app\u00e9tit<\/strong> sont d\u2019autres sympt\u00f4mes tr\u00e8s courants.<\/p>\n\n\n\n<p>Dans les cas plus extr\u00eames, ou dans les situations o\u00f9 la maladie est plus d\u00e9velopp\u00e9e ou avanc\u00e9e, des sympt\u00f4mes peuvent appara\u00eetre. <strong>s\u00e9cr\u00e9tions lorsque le chien tousse<\/strong>Ces s\u00e9cr\u00e9tions sont caus\u00e9es par des bact\u00e9ries qui affectent les voies respiratoires. <strong>Dans certains cas, le chien peut avoir de la fi\u00e8vre<\/strong>, m\u00eame si cela n\u2019est plus si courant.<\/p>\n\n\n\n<p>C&#039;est extr\u00eamement important <strong>que le chien ne vive pas de situations stressantes<\/strong> pendant votre maladie, car cela pourrait aggraver la maladie et la compliquer. Il est \u00e9galement important que vous viviez dans un endroit <strong>bonnes conditions d&#039;hygi\u00e8ne<\/strong>.<\/p>\n\n\n\n<p>Une toux s\u00e8che n\u2019est pas toujours un sympt\u00f4me de cette maladie : elle peut \u00e9galement indiquer une pharyngite, une bronchite ou <a href=\"https:\/\/almanimal.com\/fr\/sante-du-chien\/la-maladie-de-carre-chez-le-chien-quest-ce-que-cest\/\">maladie de Carr\u00e9<\/a>, entre autres maladies, il est donc important de toujours consulter votre v\u00e9t\u00e9rinaire. Il est le seul \u00e0 pouvoir vous indiquer le traitement \u00e0 suivre, y compris les examens qu&#039;il juge appropri\u00e9s s&#039;il suspecte une autre maladie que la toux du chenil.<\/p>","protected":false},"excerpt":{"rendered":"<p>Una de las enfermedades m\u00e1s comunes en perros es las traqueobronquitis infecciosa canina, m\u00e1s conocida como tos de las perreras. Se le puso este nombre porque, antiguamente, era muy com\u00fan en sitios donde hab\u00eda numerosos perros y poca higiene, como las perreras, y el contagio era f\u00e1cil y r\u00e1pido. Actualmente ya no es una cuesti\u00f3n &#8230; <a title=\"Toux de chenil : sympt\u00f4mes, traitement, contagion et dur\u00e9e\" class=\"read-more\" href=\"https:\/\/almanimal.com\/fr\/sante-du-chien\/toux-de-chenil\/\" aria-label=\"En savoir plus sur Tos de las perreras: s\u00edntomas, tratamiento, contagio y duraci\u00f3n\">Lire la suite<\/a><\/p>","protected":false},"author":20,"featured_media":16728,"comment_status":"open","ping_status":"open","sticky":false,"template":"","format":"standard","meta":{"footnotes":""},"categories":[1450],"tags":[1860,1470,1487,2214,2215],"class_list":["post-16724","post","type-post","status-publish","format-standard","has-post-thumbnail","hentry","category-salud-perros","tag-enfermedades-perros","tag-perros","tag-salud-perros","tag-tos-de-las-perreras","tag-traqueobronquitis-infecciosa-canina"],"yoast_head":"<!-- This site is optimized with the Yoast SEO plugin v27.5 - https:\/\/yoast.com\/product\/yoast-seo-wordpress\/ -->\n<title>Tos de las perreras: s\u00edntomas, tratamiento, contagio y duraci\u00f3n<\/title>\n<meta name=\"description\" content=\"Te explicamos qu\u00e9 es la tos de las perreras, el tipo de tratamiento, qu\u00e9 la provoca, c\u00f3mo se contagia y los s\u00edntomas m\u00e1s comunes.\" \/>\n<meta name=\"robots\" content=\"index, follow, max-snippet:-1, max-image-preview:large, max-video-preview:-1\" \/>\n<link rel=\"canonical\" href=\"https:\/\/almanimal.com\/fr\/sante-du-chien\/toux-de-chenil\/\" \/>\n<meta property=\"og:locale\" content=\"fr_FR\" \/>\n<meta property=\"og:type\" content=\"article\" \/>\n<meta property=\"og:title\" content=\"Tos de las perreras: s\u00edntomas, tratamiento, contagio y duraci\u00f3n\" \/>\n<meta property=\"og:description\" content=\"Te explicamos qu\u00e9 es la tos de las perreras, el tipo de tratamiento, qu\u00e9 la provoca, c\u00f3mo se contagia y los s\u00edntomas m\u00e1s comunes.\" \/>\n<meta property=\"og:url\" content=\"https:\/\/almanimal.com\/fr\/sante-du-chien\/toux-de-chenil\/\" \/>\n<meta property=\"og:site_name\" content=\"Almanimal\" \/>\n<meta property=\"article:publisher\" content=\"https:\/\/www.facebook.com\/Lugarnia\/\" \/>\n<meta property=\"article:published_time\" content=\"2020-09-16T11:00:00+00:00\" \/>\n<meta property=\"article:modified_time\" content=\"2020-09-17T07:26:22+00:00\" \/>\n<meta property=\"og:image\" content=\"https:\/\/i2.wp.com\/almanimal.com\/wp-content\/uploads\/2020\/09\/tos-perreras.jpg?fit=1200%2C802&ssl=1\" \/>\n\t<meta property=\"og:image:width\" content=\"1200\" \/>\n\t<meta property=\"og:image:height\" content=\"802\" \/>\n\t<meta property=\"og:image:type\" content=\"image\/jpeg\" \/>\n<meta name=\"author\" content=\"Iv\u00e1n Fresneda\" \/>\n<meta name=\"twitter:card\" content=\"summary_large_image\" \/>\n<meta name=\"twitter:creator\" content=\"@lugarnia_\" \/>\n<meta name=\"twitter:site\" content=\"@lugarnia_\" \/>\n<meta name=\"twitter:label1\" content=\"\u00c9crit par\" \/>\n\t<meta name=\"twitter:data1\" content=\"Iv\u00e1n Fresneda\" \/>\n\t<meta name=\"twitter:label2\" content=\"Dur\u00e9e de lecture estim\u00e9e\" \/>\n\t<meta name=\"twitter:data2\" content=\"4 minutes\" \/>\n<script type=\"application\/ld+json\" class=\"yoast-schema-graph\">{\"@context\":\"https:\\\/\\\/schema.org\",\"@graph\":[{\"@type\":\"Article\",\"@id\":\"https:\\\/\\\/almanimal.com\\\/salud-perros\\\/tos-de-las-perreras\\\/#article\",\"isPartOf\":{\"@id\":\"https:\\\/\\\/almanimal.com\\\/salud-perros\\\/tos-de-las-perreras\\\/\"},\"author\":{\"name\":\"Iv\u00e1n Fresneda\",\"@id\":\"https:\\\/\\\/almanimal.com\\\/#\\\/schema\\\/person\\\/6ed186ff065669ae7edab360e747304d\"},\"headline\":\"Tos de las perreras: s\u00edntomas, tratamiento, contagio y duraci\u00f3n\",\"datePublished\":\"2020-09-16T11:00:00+00:00\",\"dateModified\":\"2020-09-17T07:26:22+00:00\",\"mainEntityOfPage\":{\"@id\":\"https:\\\/\\\/almanimal.com\\\/salud-perros\\\/tos-de-las-perreras\\\/\"},\"wordCount\":871,\"commentCount\":0,\"publisher\":{\"@id\":\"https:\\\/\\\/almanimal.com\\\/#organization\"},\"image\":{\"@id\":\"https:\\\/\\\/almanimal.com\\\/salud-perros\\\/tos-de-las-perreras\\\/#primaryimage\"},\"thumbnailUrl\":\"https:\\\/\\\/almanimal.com\\\/wp-content\\\/uploads\\\/2020\\\/09\\\/tos-perreras.jpg\",\"keywords\":[\"enfermedades perros\",\"perros\",\"salud perros\",\"tos de las perreras\",\"traqueobronquitis infecciosa canina\"],\"articleSection\":[\"Salud Perros\"],\"inLanguage\":\"fr-FR\",\"potentialAction\":[{\"@type\":\"CommentAction\",\"name\":\"Comment\",\"target\":[\"https:\\\/\\\/almanimal.com\\\/salud-perros\\\/tos-de-las-perreras\\\/#respond\"]}]},{\"@type\":\"WebPage\",\"@id\":\"https:\\\/\\\/almanimal.com\\\/salud-perros\\\/tos-de-las-perreras\\\/\",\"url\":\"https:\\\/\\\/almanimal.com\\\/salud-perros\\\/tos-de-las-perreras\\\/\",\"name\":\"Tos de las perreras: s\u00edntomas, tratamiento, contagio y duraci\u00f3n\",\"isPartOf\":{\"@id\":\"https:\\\/\\\/almanimal.com\\\/#website\"},\"primaryImageOfPage\":{\"@id\":\"https:\\\/\\\/almanimal.com\\\/salud-perros\\\/tos-de-las-perreras\\\/#primaryimage\"},\"image\":{\"@id\":\"https:\\\/\\\/almanimal.com\\\/salud-perros\\\/tos-de-las-perreras\\\/#primaryimage\"},\"thumbnailUrl\":\"https:\\\/\\\/almanimal.com\\\/wp-content\\\/uploads\\\/2020\\\/09\\\/tos-perreras.jpg\",\"datePublished\":\"2020-09-16T11:00:00+00:00\",\"dateModified\":\"2020-09-17T07:26:22+00:00\",\"description\":\"Te explicamos qu\u00e9 es la tos de las perreras, el tipo de tratamiento, qu\u00e9 la provoca, c\u00f3mo se contagia y los s\u00edntomas m\u00e1s comunes.\",\"breadcrumb\":{\"@id\":\"https:\\\/\\\/almanimal.com\\\/salud-perros\\\/tos-de-las-perreras\\\/#breadcrumb\"},\"inLanguage\":\"fr-FR\",\"potentialAction\":[{\"@type\":\"ReadAction\",\"target\":[\"https:\\\/\\\/almanimal.com\\\/salud-perros\\\/tos-de-las-perreras\\\/\"]}]},{\"@type\":\"ImageObject\",\"inLanguage\":\"fr-FR\",\"@id\":\"https:\\\/\\\/almanimal.com\\\/salud-perros\\\/tos-de-las-perreras\\\/#primaryimage\",\"url\":\"https:\\\/\\\/almanimal.com\\\/wp-content\\\/uploads\\\/2020\\\/09\\\/tos-perreras.jpg\",\"contentUrl\":\"https:\\\/\\\/almanimal.com\\\/wp-content\\\/uploads\\\/2020\\\/09\\\/tos-perreras.jpg\",\"width\":1200,\"height\":802,\"caption\":\"Tos de las perreras\"},{\"@type\":\"BreadcrumbList\",\"@id\":\"https:\\\/\\\/almanimal.com\\\/salud-perros\\\/tos-de-las-perreras\\\/#breadcrumb\",\"itemListElement\":[{\"@type\":\"ListItem\",\"position\":1,\"name\":\"Inicio\",\"item\":\"https:\\\/\\\/almanimal.com\\\/\"},{\"@type\":\"ListItem\",\"position\":2,\"name\":\"Salud Perros\",\"item\":\"https:\\\/\\\/almanimal.com\\\/salud-perros\\\/\"},{\"@type\":\"ListItem\",\"position\":3,\"name\":\"Tos de las perreras: s\u00edntomas, tratamiento, contagio y duraci\u00f3n\"}]},{\"@type\":\"WebSite\",\"@id\":\"https:\\\/\\\/almanimal.com\\\/#website\",\"url\":\"https:\\\/\\\/almanimal.com\\\/\",\"name\":\"Almanimal\",\"description\":\"Revista de animales donde hablamos sobre perros, gatos, aves, peque\u00f1os mam\u00edferos, acuarios, terrarios y curiosidades del mundo animal.\",\"publisher\":{\"@id\":\"https:\\\/\\\/almanimal.com\\\/#organization\"},\"potentialAction\":[{\"@type\":\"SearchAction\",\"target\":{\"@type\":\"EntryPoint\",\"urlTemplate\":\"https:\\\/\\\/almanimal.com\\\/?s={search_term_string}\"},\"query-input\":{\"@type\":\"PropertyValueSpecification\",\"valueRequired\":true,\"valueName\":\"search_term_string\"}}],\"inLanguage\":\"fr-FR\"},{\"@type\":\"Organization\",\"@id\":\"https:\\\/\\\/almanimal.com\\\/#organization\",\"name\":\"Almanimal\",\"url\":\"https:\\\/\\\/almanimal.com\\\/\",\"logo\":{\"@type\":\"ImageObject\",\"inLanguage\":\"fr-FR\",\"@id\":\"https:\\\/\\\/almanimal.com\\\/#\\\/schema\\\/logo\\\/image\\\/\",\"url\":\"https:\\\/\\\/i2.wp.com\\\/almanimal.com\\\/wp-content\\\/uploads\\\/2019\\\/10\\\/almanimal_logo-nav-3.png?fit=400%2C100&ssl=1\",\"contentUrl\":\"https:\\\/\\\/i2.wp.com\\\/almanimal.com\\\/wp-content\\\/uploads\\\/2019\\\/10\\\/almanimal_logo-nav-3.png?fit=400%2C100&ssl=1\",\"width\":400,\"height\":100,\"caption\":\"Almanimal\"},\"image\":{\"@id\":\"https:\\\/\\\/almanimal.com\\\/#\\\/schema\\\/logo\\\/image\\\/\"},\"sameAs\":[\"https:\\\/\\\/www.facebook.com\\\/Lugarnia\\\/\",\"https:\\\/\\\/x.com\\\/lugarnia_\",\"https:\\\/\\\/www.instagram.com\\\/lugarnia\\\/\"]},{\"@type\":\"Person\",\"@id\":\"https:\\\/\\\/almanimal.com\\\/#\\\/schema\\\/person\\\/6ed186ff065669ae7edab360e747304d\",\"name\":\"Iv\u00e1n Fresneda\",\"image\":{\"@type\":\"ImageObject\",\"inLanguage\":\"fr-FR\",\"@id\":\"https:\\\/\\\/secure.gravatar.com\\\/avatar\\\/679537483addce5c0f78eeeee0668dd50e7ac9271515218de2d0dc202748741c?s=96&d=mm&r=g\",\"url\":\"https:\\\/\\\/secure.gravatar.com\\\/avatar\\\/679537483addce5c0f78eeeee0668dd50e7ac9271515218de2d0dc202748741c?s=96&d=mm&r=g\",\"contentUrl\":\"https:\\\/\\\/secure.gravatar.com\\\/avatar\\\/679537483addce5c0f78eeeee0668dd50e7ac9271515218de2d0dc202748741c?s=96&d=mm&r=g\",\"caption\":\"Iv\u00e1n Fresneda\"},\"url\":\"https:\\\/\\\/almanimal.com\\\/fr\\\/author\\\/ivanfc\\\/\"}]}<\/script>\n<!-- \/ Yoast SEO plugin. -->","yoast_head_json":{"title":"Tos de las perreras: s\u00edntomas, tratamiento, contagio y duraci\u00f3n","description":"Te explicamos qu\u00e9 es la tos de las perreras, el tipo de tratamiento, qu\u00e9 la provoca, c\u00f3mo se contagia y los s\u00edntomas m\u00e1s comunes.","robots":{"index":"index","follow":"follow","max-snippet":"max-snippet:-1","max-image-preview":"max-image-preview:large","max-video-preview":"max-video-preview:-1"},"canonical":"https:\/\/almanimal.com\/fr\/sante-du-chien\/toux-de-chenil\/","og_locale":"fr_FR","og_type":"article","og_title":"Tos de las perreras: s\u00edntomas, tratamiento, contagio y duraci\u00f3n","og_description":"Te explicamos qu\u00e9 es la tos de las perreras, el tipo de tratamiento, qu\u00e9 la provoca, c\u00f3mo se contagia y los s\u00edntomas m\u00e1s comunes.","og_url":"https:\/\/almanimal.com\/fr\/sante-du-chien\/toux-de-chenil\/","og_site_name":"Almanimal","article_publisher":"https:\/\/www.facebook.com\/Lugarnia\/","article_published_time":"2020-09-16T11:00:00+00:00","article_modified_time":"2020-09-17T07:26:22+00:00","og_image":[{"width":1200,"height":802,"url":"https:\/\/i2.wp.com\/almanimal.com\/wp-content\/uploads\/2020\/09\/tos-perreras.jpg?fit=1200%2C802&ssl=1","type":"image\/jpeg"}],"author":"Iv\u00e1n Fresneda","twitter_card":"summary_large_image","twitter_creator":"@lugarnia_","twitter_site":"@lugarnia_","twitter_misc":{"\u00c9crit par":"Iv\u00e1n Fresneda","Dur\u00e9e de lecture estim\u00e9e":"4 minutes"},"schema":{"@context":"https:\/\/schema.org","@graph":[{"@type":"Article","@id":"https:\/\/almanimal.com\/salud-perros\/tos-de-las-perreras\/#article","isPartOf":{"@id":"https:\/\/almanimal.com\/salud-perros\/tos-de-las-perreras\/"},"author":{"name":"Iv\u00e1n Fresneda","@id":"https:\/\/almanimal.com\/#\/schema\/person\/6ed186ff065669ae7edab360e747304d"},"headline":"Tos de las perreras: s\u00edntomas, tratamiento, contagio y duraci\u00f3n","datePublished":"2020-09-16T11:00:00+00:00","dateModified":"2020-09-17T07:26:22+00:00","mainEntityOfPage":{"@id":"https:\/\/almanimal.com\/salud-perros\/tos-de-las-perreras\/"},"wordCount":871,"commentCount":0,"publisher":{"@id":"https:\/\/almanimal.com\/#organization"},"image":{"@id":"https:\/\/almanimal.com\/salud-perros\/tos-de-las-perreras\/#primaryimage"},"thumbnailUrl":"https:\/\/almanimal.com\/wp-content\/uploads\/2020\/09\/tos-perreras.jpg","keywords":["enfermedades perros","perros","salud perros","tos de las perreras","traqueobronquitis infecciosa canina"],"articleSection":["Salud Perros"],"inLanguage":"fr-FR","potentialAction":[{"@type":"CommentAction","name":"Comment","target":["https:\/\/almanimal.com\/salud-perros\/tos-de-las-perreras\/#respond"]}]},{"@type":"WebPage","@id":"https:\/\/almanimal.com\/salud-perros\/tos-de-las-perreras\/","url":"https:\/\/almanimal.com\/salud-perros\/tos-de-las-perreras\/","name":"Tos de las perreras: s\u00edntomas, tratamiento, contagio y duraci\u00f3n","isPartOf":{"@id":"https:\/\/almanimal.com\/#website"},"primaryImageOfPage":{"@id":"https:\/\/almanimal.com\/salud-perros\/tos-de-las-perreras\/#primaryimage"},"image":{"@id":"https:\/\/almanimal.com\/salud-perros\/tos-de-las-perreras\/#primaryimage"},"thumbnailUrl":"https:\/\/almanimal.com\/wp-content\/uploads\/2020\/09\/tos-perreras.jpg","datePublished":"2020-09-16T11:00:00+00:00","dateModified":"2020-09-17T07:26:22+00:00","description":"Te explicamos qu\u00e9 es la tos de las perreras, el tipo de tratamiento, qu\u00e9 la provoca, c\u00f3mo se contagia y los s\u00edntomas m\u00e1s comunes.","breadcrumb":{"@id":"https:\/\/almanimal.com\/salud-perros\/tos-de-las-perreras\/#breadcrumb"},"inLanguage":"fr-FR","potentialAction":[{"@type":"ReadAction","target":["https:\/\/almanimal.com\/salud-perros\/tos-de-las-perreras\/"]}]},{"@type":"ImageObject","inLanguage":"fr-FR","@id":"https:\/\/almanimal.com\/salud-perros\/tos-de-las-perreras\/#primaryimage","url":"https:\/\/almanimal.com\/wp-content\/uploads\/2020\/09\/tos-perreras.jpg","contentUrl":"https:\/\/almanimal.com\/wp-content\/uploads\/2020\/09\/tos-perreras.jpg","width":1200,"height":802,"caption":"Tos de las perreras"},{"@type":"BreadcrumbList","@id":"https:\/\/almanimal.com\/salud-perros\/tos-de-las-perreras\/#breadcrumb","itemListElement":[{"@type":"ListItem","position":1,"name":"Inicio","item":"https:\/\/almanimal.com\/"},{"@type":"ListItem","position":2,"name":"Salud Perros","item":"https:\/\/almanimal.com\/salud-perros\/"},{"@type":"ListItem","position":3,"name":"Tos de las perreras: s\u00edntomas, tratamiento, contagio y duraci\u00f3n"}]},{"@type":"WebSite","@id":"https:\/\/almanimal.com\/#website","url":"https:\/\/almanimal.com\/","name":"Almanimal","description":"Revista de animales donde hablamos sobre perros, gatos, aves, peque\u00f1os mam\u00edferos, acuarios, terrarios y curiosidades del mundo animal.","publisher":{"@id":"https:\/\/almanimal.com\/#organization"},"potentialAction":[{"@type":"SearchAction","target":{"@type":"EntryPoint","urlTemplate":"https:\/\/almanimal.com\/?s={search_term_string}"},"query-input":{"@type":"PropertyValueSpecification","valueRequired":true,"valueName":"search_term_string"}}],"inLanguage":"fr-FR"},{"@type":"Organization","@id":"https:\/\/almanimal.com\/#organization","name":"Almanimal","url":"https:\/\/almanimal.com\/","logo":{"@type":"ImageObject","inLanguage":"fr-FR","@id":"https:\/\/almanimal.com\/#\/schema\/logo\/image\/","url":"https:\/\/i2.wp.com\/almanimal.com\/wp-content\/uploads\/2019\/10\/almanimal_logo-nav-3.png?fit=400%2C100&ssl=1","contentUrl":"https:\/\/i2.wp.com\/almanimal.com\/wp-content\/uploads\/2019\/10\/almanimal_logo-nav-3.png?fit=400%2C100&ssl=1","width":400,"height":100,"caption":"Almanimal"},"image":{"@id":"https:\/\/almanimal.com\/#\/schema\/logo\/image\/"},"sameAs":["https:\/\/www.facebook.com\/Lugarnia\/","https:\/\/x.com\/lugarnia_","https:\/\/www.instagram.com\/lugarnia\/"]},{"@type":"Person","@id":"https:\/\/almanimal.com\/#\/schema\/person\/6ed186ff065669ae7edab360e747304d","name":"Iv\u00e1n Fresneda","image":{"@type":"ImageObject","inLanguage":"fr-FR","@id":"https:\/\/secure.gravatar.com\/avatar\/679537483addce5c0f78eeeee0668dd50e7ac9271515218de2d0dc202748741c?s=96&d=mm&r=g","url":"https:\/\/secure.gravatar.com\/avatar\/679537483addce5c0f78eeeee0668dd50e7ac9271515218de2d0dc202748741c?s=96&d=mm&r=g","contentUrl":"https:\/\/secure.gravatar.com\/avatar\/679537483addce5c0f78eeeee0668dd50e7ac9271515218de2d0dc202748741c?s=96&d=mm&r=g","caption":"Iv\u00e1n Fresneda"},"url":"https:\/\/almanimal.com\/fr\/author\/ivanfc\/"}]}},"_links":{"self":[{"href":"https:\/\/almanimal.com\/fr\/wp-json\/wp\/v2\/posts\/16724","targetHints":{"allow":["GET"]}}],"collection":[{"href":"https:\/\/almanimal.com\/fr\/wp-json\/wp\/v2\/posts"}],"about":[{"href":"https:\/\/almanimal.com\/fr\/wp-json\/wp\/v2\/types\/post"}],"author":[{"embeddable":true,"href":"https:\/\/almanimal.com\/fr\/wp-json\/wp\/v2\/users\/20"}],"replies":[{"embeddable":true,"href":"https:\/\/almanimal.com\/fr\/wp-json\/wp\/v2\/comments?post=16724"}],"version-history":[{"count":5,"href":"https:\/\/almanimal.com\/fr\/wp-json\/wp\/v2\/posts\/16724\/revisions"}],"predecessor-version":[{"id":16737,"href":"https:\/\/almanimal.com\/fr\/wp-json\/wp\/v2\/posts\/16724\/revisions\/16737"}],"wp:featuredmedia":[{"embeddable":true,"href":"https:\/\/almanimal.com\/fr\/wp-json\/wp\/v2\/media\/16728"}],"wp:attachment":[{"href":"https:\/\/almanimal.com\/fr\/wp-json\/wp\/v2\/media?parent=16724"}],"wp:term":[{"taxonomy":"category","embeddable":true,"href":"https:\/\/almanimal.com\/fr\/wp-json\/wp\/v2\/categories?post=16724"},{"taxonomy":"post_tag","embeddable":true,"href":"https:\/\/almanimal.com\/fr\/wp-json\/wp\/v2\/tags?post=16724"}],"curies":[{"name":"wp","href":"https:\/\/api.w.org\/{rel}","templated":true}]}}