{"id":16898,"date":"2020-10-06T08:22:31","date_gmt":"2020-10-06T06:22:31","guid":{"rendered":"https:\/\/almanimal.com\/?p=16898"},"modified":"2020-10-06T08:23:10","modified_gmt":"2020-10-06T06:23:10","slug":"les-races-de-chiens-qui-ont-le-plus-froid-en-hiver","status":"publish","type":"post","link":"https:\/\/almanimal.com\/fr\/education-et-soins-canins\/les-races-de-chiens-qui-ont-le-plus-froid-en-hiver\/","title":{"rendered":"Les 9 races de chiens qui ont le plus froid en hiver et qui ont besoin d&#039;un abri"},"content":{"rendered":"<p>Tout comme les gens, <strong>Les animaux sont \u00e9galement sensibles aux basses temp\u00e9ratures, ils ont donc besoin d\u2019une sorte de renforcement pour se prot\u00e9ger.<\/strong> et \u00e9viter tout type de maladie, comme <a href=\"https:\/\/almanimal.com\/fr\/sante-du-chien\/la-maladie-de-carre-chez-le-chien-quest-ce-que-cest\/\">un rhume<\/a>. Afin que vous appreniez \u00e0 prendre soin de votre animal et \u00e0 lui faire sentir bien pendant les douze mois de l&#039;ann\u00e9e, tout au long de cet article nous allons d\u00e9crire les<strong> Les races de chiens qui ont le plus froid en hiver<\/strong>Il n&#039;est pas d\u00e9raisonnable de penser qu&#039;un chien pourrait avoir sa propre garde-robe, avec des v\u00eatements adapt\u00e9s \u00e0 chaque saison. Pour comprendre pourquoi, poursuivez votre lecture.<\/p>\n\n\n\n<h2 class=\"wp-block-heading\">Les races de chiens qui ont le plus froid en hiver<\/h2>\n\n\n\n<p>On pense parfois que les animaux ont la capacit\u00e9 de tout g\u00e9rer naturellement, sans autre soutien que leur propre corps. C&#039;est tout \u00e0 fait faux. <strong>Ces \u00eatres sont \u00e9galement sensibles aux facteurs externes, tels que la chaleur ou l\u2019humidit\u00e9.<\/strong>Afin que vous sachiez comment offrir \u00e0 votre animal les meilleurs soins, dans cette section nous allons parler des <strong>Les races de chiens qui ont le plus froid en hiver<\/strong>Vous veillerez \u00e0 ce que leur sant\u00e9 soit renforc\u00e9e m\u00eame dans les pires conditions m\u00e9t\u00e9orologiques. <\/p>\n\n\n\n<h3 class=\"wp-block-heading\"><em>Whippet<\/em><\/h3>\n\n\n\n<div class=\"wp-block-image\"><figure class=\"aligncenter size-large\"><img fetchpriority=\"high\" decoding=\"async\" width=\"1000\" height=\"569\" src=\"https:\/\/almanimal.com\/wp-content\/uploads\/2020\/10\/whippet-1000x569.jpg\" alt=\"Whippet\" class=\"wp-image-16908\" srcset=\"https:\/\/almanimal.com\/wp-content\/uploads\/2020\/10\/whippet-1000x569.jpg 1000w, https:\/\/almanimal.com\/wp-content\/uploads\/2020\/10\/whippet-300x171.jpg 300w, https:\/\/almanimal.com\/wp-content\/uploads\/2020\/10\/whippet-768x437.jpg 768w, https:\/\/almanimal.com\/wp-content\/uploads\/2020\/10\/whippet.jpg 1280w\" sizes=\"(max-width: 1000px) 100vw, 1000px\" \/><\/figure><\/div>\n\n\n\n<p>Les chiens de la <strong>course <em>l\u00e9vrier<\/em> <\/strong>Ils sont tr\u00e8s maigres. Bien qu&#039;ils soient tr\u00e8s actifs lors des promenades avec leurs ma\u00eetres, ils ont besoin d&#039;\u00eatre prot\u00e9g\u00e9s du froid. Peu importe combien ils courent ou jouent dehors\u00a0: <strong>un manteau leur conviendra parfaitement<\/strong>.<\/p>\n\n\n\n<h3 class=\"wp-block-heading\">Chihuahua<\/h3>\n\n\n\n<div class=\"wp-block-image\"><figure class=\"aligncenter size-large\"><img decoding=\"async\" width=\"1000\" height=\"666\" src=\"https:\/\/almanimal.com\/wp-content\/uploads\/2020\/10\/chihuahua-1000x666.jpg\" alt=\"Chihuahua\" class=\"wp-image-16909\" srcset=\"https:\/\/almanimal.com\/wp-content\/uploads\/2020\/10\/chihuahua-1000x666.jpg 1000w, https:\/\/almanimal.com\/wp-content\/uploads\/2020\/10\/chihuahua-300x200.jpg 300w, https:\/\/almanimal.com\/wp-content\/uploads\/2020\/10\/chihuahua-768x511.jpg 768w, https:\/\/almanimal.com\/wp-content\/uploads\/2020\/10\/chihuahua-1536x1022.jpg 1536w, https:\/\/almanimal.com\/wp-content\/uploads\/2020\/10\/chihuahua.jpg 1920w\" sizes=\"(max-width: 1000px) 100vw, 1000px\" \/><\/figure><\/div>\n\n\n\n<p>La premi\u00e8re chose que nous devons souligner \u00e0 propos de cette race est qu&#039;elle est <a href=\"https:\/\/almanimal.com\/fr\/races-de-chiens\/les-plus-belles-races-de-petits-chiens-du-monde\/\">petite taille<\/a> et il vient aussi du Mexique, c&#039;est-\u00e0-dire d&#039;un coin chaud de la plan\u00e8te. Il n&#039;est donc pas surprenant qu&#039;il ait une <strong>fourrure fine qui n&#039;est pas adapt\u00e9e aux climats plus froids<\/strong>Il est vrai qu&#039;il existe une vari\u00e9t\u00e9 de la race dont le pelage est plus long ; mais, m\u00eame ainsi, cela ne suffit pas \u00e0 <strong>faire face aux basses temp\u00e9ratures<\/strong>.<\/p>\n\n\n\n<h3 class=\"wp-block-heading\"><em>Pinscher<\/em><\/h3>\n\n\n\n<div class=\"wp-block-image\"><figure class=\"aligncenter size-large\"><img decoding=\"async\" width=\"1000\" height=\"563\" src=\"https:\/\/almanimal.com\/wp-content\/uploads\/2020\/10\/pinscher-mini-1000x563.jpg\" alt=\"Les races de chiens qui ont le plus froid en hiver\" class=\"wp-image-16907\" srcset=\"https:\/\/almanimal.com\/wp-content\/uploads\/2020\/10\/pinscher-mini-1000x563.jpg 1000w, https:\/\/almanimal.com\/wp-content\/uploads\/2020\/10\/pinscher-mini-300x169.jpg 300w, https:\/\/almanimal.com\/wp-content\/uploads\/2020\/10\/pinscher-mini-768x432.jpg 768w, https:\/\/almanimal.com\/wp-content\/uploads\/2020\/10\/pinscher-mini.jpg 1328w\" sizes=\"(max-width: 1000px) 100vw, 1000px\" \/><\/figure><\/div>\n\n\n\n<p>Les <strong><em>pinscher<\/em><\/strong> Originaire d&#039;Allemagne, il a un caract\u00e8re difficile, il est donc d\u00e9conseill\u00e9 de l&#039;adopter. <strong>Il est conseill\u00e9 que le futur propri\u00e9taire ait une certaine exp\u00e9rience<\/strong>Ils sont tr\u00e8s petits et <strong>Ils se caract\u00e9risent par une faible masse grasse et des cheveux tr\u00e8s fins.<\/strong>. Ils ne sont donc pas bien adapt\u00e9s aux basses temp\u00e9ratures et n\u00e9cessitent un manteau pour profiter du plein air en hiver.<\/p>\n\n\n\n<h3 class=\"wp-block-heading\">Pitbull<\/h3>\n\n\n\n<div class=\"wp-block-image\"><figure class=\"aligncenter size-large\"><img loading=\"lazy\" decoding=\"async\" width=\"1000\" height=\"667\" src=\"https:\/\/almanimal.com\/wp-content\/uploads\/2020\/10\/pitbull-1000x667.jpg\" alt=\"Les races de chiens qui ont le plus froid en hiver\" class=\"wp-image-16910\" srcset=\"https:\/\/almanimal.com\/wp-content\/uploads\/2020\/10\/pitbull-1000x667.jpg 1000w, https:\/\/almanimal.com\/wp-content\/uploads\/2020\/10\/pitbull-300x200.jpg 300w, https:\/\/almanimal.com\/wp-content\/uploads\/2020\/10\/pitbull-768x512.jpg 768w, https:\/\/almanimal.com\/wp-content\/uploads\/2020\/10\/pitbull-1536x1024.jpg 1536w, https:\/\/almanimal.com\/wp-content\/uploads\/2020\/10\/pitbull-2048x1366.jpg 2048w\" sizes=\"(max-width: 1000px) 100vw, 1000px\" \/><\/figure><\/div>\n\n\n\n<p>Il est surprenant que <strong><a href=\"https:\/\/almanimal.com\/fr\/races-de-chiens\/caracteristiques-et-comportement-du-chien-pitbull\/\">pitbulls<\/a> <\/strong>appartiennent \u00e0 la <strong>Les races de chiens qui ont le plus froid en hiver<\/strong> Cependant, compte tenu de leur musculature imposante, on oublie que leur poil est tr\u00e8s court et qu&#039;ils souffrent donc beaucoup plus des basses temp\u00e9ratures que les autres chiens. De plus, s&#039;ils ne sont pas correctement prot\u00e9g\u00e9s, <strong>peut constamment souffrir de probl\u00e8mes de peau<\/strong> qui s\u2019aggravent \u00e0 basse temp\u00e9rature.<\/p>\n\n\n\n<h3 class=\"wp-block-heading\">Levrette<\/h3>\n\n\n\n<div class=\"wp-block-image\"><figure class=\"aligncenter size-large\"><img loading=\"lazy\" decoding=\"async\" width=\"1000\" height=\"563\" src=\"https:\/\/almanimal.com\/wp-content\/uploads\/2020\/10\/galgos-1000x563.jpg\" alt=\"Les races de chiens qui ont le plus froid en hiver\" class=\"wp-image-16911\" srcset=\"https:\/\/almanimal.com\/wp-content\/uploads\/2020\/10\/galgos-1000x563.jpg 1000w, https:\/\/almanimal.com\/wp-content\/uploads\/2020\/10\/galgos-300x169.jpg 300w, https:\/\/almanimal.com\/wp-content\/uploads\/2020\/10\/galgos-768x432.jpg 768w, https:\/\/almanimal.com\/wp-content\/uploads\/2020\/10\/galgos.jpg 1200w\" sizes=\"(max-width: 1000px) 100vw, 1000px\" \/><\/figure><\/div>\n\n\n\n<p><strong><a href=\"https:\/\/almanimal.com\/fr\/races-de-chiens\/levrier-espagnol\/\">Le l\u00e9vrier<\/a> <\/strong>Sa particularit\u00e9 est d&#039;\u00eatre une race utilis\u00e9e depuis des si\u00e8cles pour les courses et la chasse. Tr\u00e8s agile, de grande taille et tr\u00e8s mince, il se d\u00e9place tr\u00e8s rapidement, quel que soit l&#039;endroit o\u00f9 il se trouve. <strong>tr\u00e8s sensible aux temp\u00e9ratures froides<\/strong>. C&#039;est aussi un animal qui <strong>n&#039;a pas de graisse corporelle<\/strong>, ce qui est n\u00e9cessaire pour maintenir la chaleur dans des situations extr\u00eames.<\/p>\n\n\n\n<h3 class=\"wp-block-heading\">Yorkshire Terrier<\/h3>\n\n\n\n<div class=\"wp-block-image\"><figure class=\"aligncenter size-large\"><img loading=\"lazy\" decoding=\"async\" width=\"1000\" height=\"738\" src=\"https:\/\/almanimal.com\/wp-content\/uploads\/2020\/10\/yorkshire-terrier-1000x738.jpg\" alt=\"Les races de chiens qui ont le plus froid en hiver\" class=\"wp-image-16912\" srcset=\"https:\/\/almanimal.com\/wp-content\/uploads\/2020\/10\/yorkshire-terrier-1000x738.jpg 1000w, https:\/\/almanimal.com\/wp-content\/uploads\/2020\/10\/yorkshire-terrier-300x221.jpg 300w, https:\/\/almanimal.com\/wp-content\/uploads\/2020\/10\/yorkshire-terrier-768x567.jpg 768w, https:\/\/almanimal.com\/wp-content\/uploads\/2020\/10\/yorkshire-terrier-1536x1134.jpg 1536w, https:\/\/almanimal.com\/wp-content\/uploads\/2020\/10\/yorkshire-terrier.jpg 1604w\" sizes=\"(max-width: 1000px) 100vw, 1000px\" \/><\/figure><\/div>\n\n\n\n<p>Qui ne conna\u00eet pas le <strong>Yorkshire Terrier<\/strong>C&#039;est une race tr\u00e8s amicale qui charme tout le monde. De petite taille, il est donc fr\u00e9quent de les voir dans les bras de leurs ma\u00eetres lors des promenades, comme des b\u00e9b\u00e9s. Malgr\u00e9 leur long pelage, il ne les prot\u00e8ge pas des basses temp\u00e9ratures hivernales. Par cons\u00e9quent, <strong>Une bonne tenue sera toujours n\u00e9cessaire \u00e0 ces dates<\/strong>.<\/p>\n\n\n\n<h3 class=\"wp-block-heading\">Chien chinois \u00e0 cr\u00eate<\/h3>\n\n\n\n<div class=\"wp-block-image\"><figure class=\"aligncenter size-large\"><img loading=\"lazy\" decoding=\"async\" width=\"1000\" height=\"750\" src=\"https:\/\/almanimal.com\/wp-content\/uploads\/2020\/10\/chino-crestado-1000x750.jpg\" alt=\"Chien chinois \u00e0 cr\u00eate\" class=\"wp-image-16913\" srcset=\"https:\/\/almanimal.com\/wp-content\/uploads\/2020\/10\/chino-crestado-1000x750.jpg 1000w, https:\/\/almanimal.com\/wp-content\/uploads\/2020\/10\/chino-crestado-300x225.jpg 300w, https:\/\/almanimal.com\/wp-content\/uploads\/2020\/10\/chino-crestado-768x576.jpg 768w, https:\/\/almanimal.com\/wp-content\/uploads\/2020\/10\/chino-crestado.jpg 1200w\" sizes=\"(max-width: 1000px) 100vw, 1000px\" \/><\/figure><\/div>\n\n\n\n<p>C&#039;est un chien tr\u00e8s sp\u00e9cial qui <strong>Elle se caract\u00e9rise par l&#039;absence de cheveux<\/strong>. De plus, \u00e9tant tr\u00e8s petit, il n&#039;est pas surprenant qu&#039;on le confonde parfois avec un autre animal. Son absence de pelage naturel l&#039;emp\u00eache de supporter le froid. C&#039;est pourquoi, <strong>Il est recommand\u00e9 de le prot\u00e9ger avec un manteau<\/strong>.<\/p>\n\n\n\n<h3 class=\"wp-block-heading\">Rat-terrier<\/h3>\n\n\n\n<div class=\"wp-block-image\"><figure class=\"aligncenter size-large\"><img loading=\"lazy\" decoding=\"async\" width=\"1000\" height=\"563\" src=\"https:\/\/almanimal.com\/wp-content\/uploads\/2020\/10\/rat-terrier-1000x563.jpg\" alt=\"Les races de chiens qui ont le plus froid en hiver\" class=\"wp-image-16914\" srcset=\"https:\/\/almanimal.com\/wp-content\/uploads\/2020\/10\/rat-terrier-1000x563.jpg 1000w, https:\/\/almanimal.com\/wp-content\/uploads\/2020\/10\/rat-terrier-300x169.jpg 300w, https:\/\/almanimal.com\/wp-content\/uploads\/2020\/10\/rat-terrier-768x432.jpg 768w, https:\/\/almanimal.com\/wp-content\/uploads\/2020\/10\/rat-terrier.jpg 1200w\" sizes=\"(max-width: 1000px) 100vw, 1000px\" \/><\/figure><\/div>\n\n\n\n<p>Compte tenu de sa petite taille, malgr\u00e9 son physique athl\u00e9tique, <strong>ne supporte pas les basses temp\u00e9ratures<\/strong> seul. De cette fa\u00e7on, <strong>aura besoin de soins externes<\/strong> afin que votre sant\u00e9 ne soit pas endommag\u00e9e.<\/p>\n\n\n\n<h3 class=\"wp-block-heading\"><em>Sloughi<\/em><\/h3>\n\n\n\n<div class=\"wp-block-image\"><figure class=\"aligncenter size-large\"><img loading=\"lazy\" decoding=\"async\" width=\"1000\" height=\"750\" src=\"https:\/\/almanimal.com\/wp-content\/uploads\/2020\/10\/saluki-1000x750.jpg\" alt=\"Les races de chiens qui ont le plus froid en hiver\" class=\"wp-image-16915\" srcset=\"https:\/\/almanimal.com\/wp-content\/uploads\/2020\/10\/saluki-1000x750.jpg 1000w, https:\/\/almanimal.com\/wp-content\/uploads\/2020\/10\/saluki-300x225.jpg 300w, https:\/\/almanimal.com\/wp-content\/uploads\/2020\/10\/saluki-768x576.jpg 768w, https:\/\/almanimal.com\/wp-content\/uploads\/2020\/10\/saluki-1536x1152.jpg 1536w, https:\/\/almanimal.com\/wp-content\/uploads\/2020\/10\/saluki-2048x1537.jpg 2048w\" sizes=\"(max-width: 1000px) 100vw, 1000px\" \/><\/figure><\/div>\n\n\n\n<p>Cette race <strong>vient de <a href=\"https:\/\/www.lugarnia.com\/destinos\/europa\/pueblos-costeros-mas-bonitos-de-turquia\/\" target=\"_blank\" rel=\"noreferrer noopener\">Turquie<\/a><\/strong> Et les experts disent que c&#039;est l&#039;un des plus anciens connus. Ils sont tr\u00e8s agiles, mais malgr\u00e9 tout,<strong> Ils ne peuvent pas affronter seuls le froid de l\u2019hiver<\/strong>, n\u00e9cessitant un accessoire qui les maintiendra suffisamment au chaud pour \u00e9viter de subir les cons\u00e9quences des basses temp\u00e9ratures.<\/p>\n\n\n\n<h4 class=\"wp-block-heading\">Les meilleures offres que nous avons trouv\u00e9es pour les manteaux pour chiens<\/h4>","protected":false},"excerpt":{"rendered":"<p>Al igual que las personas, los animales tambi\u00e9n son sensibles a las bajas temperaturas, por lo que necesitan alg\u00fan tipo de refuerzo para protegerse y evitar cualquier tipo de enfermedad, como puede ser un resfriado. Para que aprendas a cuidar de tu mascota y esta se sienta bien durante los doce meses del a\u00f1o, a &#8230; <a title=\"Les 9 races de chiens qui ont le plus froid en hiver et qui ont besoin d&#039;un abri\" class=\"read-more\" href=\"https:\/\/almanimal.com\/fr\/education-et-soins-canins\/les-races-de-chiens-qui-ont-le-plus-froid-en-hiver\/\" aria-label=\"D\u00e9couvrez les 9 races de chiens les plus sensibles au froid en hiver et qui ont besoin d&#039;un manteau.\">Lire la suite<\/a><\/p>","protected":false},"author":20,"featured_media":16916,"comment_status":"open","ping_status":"open","sticky":false,"template":"","format":"standard","meta":{"footnotes":""},"categories":[1431],"tags":[1490,2236,1659,1668,1607,1631,2237],"class_list":["post-16898","post","type-post","status-publish","format-standard","has-post-thumbnail","hentry","category-educacion-y-cuidados-perros","tag-accesorios-perros","tag-complementos-perros","tag-cuidados-perros","tag-educacion-y-cuidado-perros","tag-razas-perros","tag-ropa-para-perros","tag-ropa-perros"],"yoast_head":"<!-- This site is optimized with the Yoast SEO plugin v27.4 - https:\/\/yoast.com\/product\/yoast-seo-wordpress\/ -->\n<title>Razas de perro que m\u00e1s fr\u00edo pasan en invierno y que necesitan abrigo<\/title>\n<meta name=\"description\" content=\"\u00bfConoces las razas de perro que m\u00e1s fr\u00edo pasan en invierno? Te describimos cada una de ellas en este art\u00edculo para que protejas a tu mascota.\" \/>\n<meta name=\"robots\" content=\"index, follow, max-snippet:-1, max-image-preview:large, max-video-preview:-1\" \/>\n<link rel=\"canonical\" href=\"https:\/\/almanimal.com\/fr\/education-et-soins-canins\/les-races-de-chiens-qui-ont-le-plus-froid-en-hiver\/\" \/>\n<meta property=\"og:locale\" content=\"fr_FR\" \/>\n<meta property=\"og:type\" content=\"article\" \/>\n<meta property=\"og:title\" content=\"Razas de perro que m\u00e1s fr\u00edo pasan en invierno y que necesitan abrigo\" \/>\n<meta property=\"og:description\" content=\"\u00bfConoces las razas de perro que m\u00e1s fr\u00edo pasan en invierno? Te describimos cada una de ellas en este art\u00edculo para que protejas a tu mascota.\" \/>\n<meta property=\"og:url\" content=\"https:\/\/almanimal.com\/fr\/education-et-soins-canins\/les-races-de-chiens-qui-ont-le-plus-froid-en-hiver\/\" \/>\n<meta property=\"og:site_name\" content=\"Almanimal\" \/>\n<meta property=\"article:publisher\" content=\"https:\/\/www.facebook.com\/Lugarnia\/\" \/>\n<meta property=\"article:published_time\" content=\"2020-10-06T06:22:31+00:00\" \/>\n<meta property=\"article:modified_time\" content=\"2020-10-06T06:23:10+00:00\" \/>\n<meta property=\"og:image\" content=\"https:\/\/i0.wp.com\/almanimal.com\/wp-content\/uploads\/2020\/10\/perro-con-abrigo.jpg?fit=1600%2C1060&ssl=1\" \/>\n\t<meta property=\"og:image:width\" content=\"1600\" \/>\n\t<meta property=\"og:image:height\" content=\"1060\" \/>\n\t<meta property=\"og:image:type\" content=\"image\/jpeg\" \/>\n<meta name=\"author\" content=\"Iv\u00e1n Fresneda\" \/>\n<meta name=\"twitter:card\" content=\"summary_large_image\" \/>\n<meta name=\"twitter:creator\" content=\"@lugarnia_\" \/>\n<meta name=\"twitter:site\" content=\"@lugarnia_\" \/>\n<meta name=\"twitter:label1\" content=\"\u00c9crit par\" \/>\n\t<meta name=\"twitter:data1\" content=\"Iv\u00e1n Fresneda\" \/>\n\t<meta name=\"twitter:label2\" content=\"Dur\u00e9e de lecture estim\u00e9e\" \/>\n\t<meta name=\"twitter:data2\" content=\"4 minutes\" \/>\n<script type=\"application\/ld+json\" class=\"yoast-schema-graph\">{\"@context\":\"https:\\\/\\\/schema.org\",\"@graph\":[{\"@type\":\"Article\",\"@id\":\"https:\\\/\\\/almanimal.com\\\/educacion-y-cuidados-perros\\\/razas-de-perro-que-mas-frio-pasan-en-invierno\\\/#article\",\"isPartOf\":{\"@id\":\"https:\\\/\\\/almanimal.com\\\/educacion-y-cuidados-perros\\\/razas-de-perro-que-mas-frio-pasan-en-invierno\\\/\"},\"author\":{\"name\":\"Iv\u00e1n Fresneda\",\"@id\":\"https:\\\/\\\/almanimal.com\\\/#\\\/schema\\\/person\\\/6ed186ff065669ae7edab360e747304d\"},\"headline\":\"Las 9 razas de perro que m\u00e1s fr\u00edo pasan en invierno y que necesitan abrigo\",\"datePublished\":\"2020-10-06T06:22:31+00:00\",\"dateModified\":\"2020-10-06T06:23:10+00:00\",\"mainEntityOfPage\":{\"@id\":\"https:\\\/\\\/almanimal.com\\\/educacion-y-cuidados-perros\\\/razas-de-perro-que-mas-frio-pasan-en-invierno\\\/\"},\"wordCount\":898,\"commentCount\":0,\"publisher\":{\"@id\":\"https:\\\/\\\/almanimal.com\\\/#organization\"},\"image\":{\"@id\":\"https:\\\/\\\/almanimal.com\\\/educacion-y-cuidados-perros\\\/razas-de-perro-que-mas-frio-pasan-en-invierno\\\/#primaryimage\"},\"thumbnailUrl\":\"https:\\\/\\\/almanimal.com\\\/wp-content\\\/uploads\\\/2020\\\/10\\\/perro-con-abrigo.jpg\",\"keywords\":[\"accesorios perros\",\"complementos perros\",\"cuidados perros\",\"educaci\u00f3n y cuidado perros\",\"razas perros\",\"ropa para perros\",\"ropa perros\"],\"articleSection\":[\"Educaci\u00f3n y cuidados Perros\"],\"inLanguage\":\"fr-FR\",\"potentialAction\":[{\"@type\":\"CommentAction\",\"name\":\"Comment\",\"target\":[\"https:\\\/\\\/almanimal.com\\\/educacion-y-cuidados-perros\\\/razas-de-perro-que-mas-frio-pasan-en-invierno\\\/#respond\"]}]},{\"@type\":\"WebPage\",\"@id\":\"https:\\\/\\\/almanimal.com\\\/educacion-y-cuidados-perros\\\/razas-de-perro-que-mas-frio-pasan-en-invierno\\\/\",\"url\":\"https:\\\/\\\/almanimal.com\\\/educacion-y-cuidados-perros\\\/razas-de-perro-que-mas-frio-pasan-en-invierno\\\/\",\"name\":\"Razas de perro que m\u00e1s fr\u00edo pasan en invierno y que necesitan abrigo\",\"isPartOf\":{\"@id\":\"https:\\\/\\\/almanimal.com\\\/#website\"},\"primaryImageOfPage\":{\"@id\":\"https:\\\/\\\/almanimal.com\\\/educacion-y-cuidados-perros\\\/razas-de-perro-que-mas-frio-pasan-en-invierno\\\/#primaryimage\"},\"image\":{\"@id\":\"https:\\\/\\\/almanimal.com\\\/educacion-y-cuidados-perros\\\/razas-de-perro-que-mas-frio-pasan-en-invierno\\\/#primaryimage\"},\"thumbnailUrl\":\"https:\\\/\\\/almanimal.com\\\/wp-content\\\/uploads\\\/2020\\\/10\\\/perro-con-abrigo.jpg\",\"datePublished\":\"2020-10-06T06:22:31+00:00\",\"dateModified\":\"2020-10-06T06:23:10+00:00\",\"description\":\"\u00bfConoces las razas de perro que m\u00e1s fr\u00edo pasan en invierno? Te describimos cada una de ellas en este art\u00edculo para que protejas a tu mascota.\",\"breadcrumb\":{\"@id\":\"https:\\\/\\\/almanimal.com\\\/educacion-y-cuidados-perros\\\/razas-de-perro-que-mas-frio-pasan-en-invierno\\\/#breadcrumb\"},\"inLanguage\":\"fr-FR\",\"potentialAction\":[{\"@type\":\"ReadAction\",\"target\":[\"https:\\\/\\\/almanimal.com\\\/educacion-y-cuidados-perros\\\/razas-de-perro-que-mas-frio-pasan-en-invierno\\\/\"]}]},{\"@type\":\"ImageObject\",\"inLanguage\":\"fr-FR\",\"@id\":\"https:\\\/\\\/almanimal.com\\\/educacion-y-cuidados-perros\\\/razas-de-perro-que-mas-frio-pasan-en-invierno\\\/#primaryimage\",\"url\":\"https:\\\/\\\/almanimal.com\\\/wp-content\\\/uploads\\\/2020\\\/10\\\/perro-con-abrigo.jpg\",\"contentUrl\":\"https:\\\/\\\/almanimal.com\\\/wp-content\\\/uploads\\\/2020\\\/10\\\/perro-con-abrigo.jpg\",\"width\":1600,\"height\":1060,\"caption\":\"razas de perro que m\u00e1s fr\u00edo pasan en invierno\"},{\"@type\":\"BreadcrumbList\",\"@id\":\"https:\\\/\\\/almanimal.com\\\/educacion-y-cuidados-perros\\\/razas-de-perro-que-mas-frio-pasan-en-invierno\\\/#breadcrumb\",\"itemListElement\":[{\"@type\":\"ListItem\",\"position\":1,\"name\":\"Inicio\",\"item\":\"https:\\\/\\\/almanimal.com\\\/\"},{\"@type\":\"ListItem\",\"position\":2,\"name\":\"Educaci\u00f3n y cuidados Perros\",\"item\":\"https:\\\/\\\/almanimal.com\\\/educacion-y-cuidados-perros\\\/\"},{\"@type\":\"ListItem\",\"position\":3,\"name\":\"Las 9 razas de perro que m\u00e1s fr\u00edo pasan en invierno y que necesitan abrigo\"}]},{\"@type\":\"WebSite\",\"@id\":\"https:\\\/\\\/almanimal.com\\\/#website\",\"url\":\"https:\\\/\\\/almanimal.com\\\/\",\"name\":\"Almanimal\",\"description\":\"Revista de animales donde hablamos sobre perros, gatos, aves, peque\u00f1os mam\u00edferos, acuarios, terrarios y curiosidades del mundo animal.\",\"publisher\":{\"@id\":\"https:\\\/\\\/almanimal.com\\\/#organization\"},\"potentialAction\":[{\"@type\":\"SearchAction\",\"target\":{\"@type\":\"EntryPoint\",\"urlTemplate\":\"https:\\\/\\\/almanimal.com\\\/?s={search_term_string}\"},\"query-input\":{\"@type\":\"PropertyValueSpecification\",\"valueRequired\":true,\"valueName\":\"search_term_string\"}}],\"inLanguage\":\"fr-FR\"},{\"@type\":\"Organization\",\"@id\":\"https:\\\/\\\/almanimal.com\\\/#organization\",\"name\":\"Almanimal\",\"url\":\"https:\\\/\\\/almanimal.com\\\/\",\"logo\":{\"@type\":\"ImageObject\",\"inLanguage\":\"fr-FR\",\"@id\":\"https:\\\/\\\/almanimal.com\\\/#\\\/schema\\\/logo\\\/image\\\/\",\"url\":\"https:\\\/\\\/i2.wp.com\\\/almanimal.com\\\/wp-content\\\/uploads\\\/2019\\\/10\\\/almanimal_logo-nav-3.png?fit=400%2C100&ssl=1\",\"contentUrl\":\"https:\\\/\\\/i2.wp.com\\\/almanimal.com\\\/wp-content\\\/uploads\\\/2019\\\/10\\\/almanimal_logo-nav-3.png?fit=400%2C100&ssl=1\",\"width\":400,\"height\":100,\"caption\":\"Almanimal\"},\"image\":{\"@id\":\"https:\\\/\\\/almanimal.com\\\/#\\\/schema\\\/logo\\\/image\\\/\"},\"sameAs\":[\"https:\\\/\\\/www.facebook.com\\\/Lugarnia\\\/\",\"https:\\\/\\\/x.com\\\/lugarnia_\",\"https:\\\/\\\/www.instagram.com\\\/lugarnia\\\/\"]},{\"@type\":\"Person\",\"@id\":\"https:\\\/\\\/almanimal.com\\\/#\\\/schema\\\/person\\\/6ed186ff065669ae7edab360e747304d\",\"name\":\"Iv\u00e1n Fresneda\",\"image\":{\"@type\":\"ImageObject\",\"inLanguage\":\"fr-FR\",\"@id\":\"https:\\\/\\\/secure.gravatar.com\\\/avatar\\\/679537483addce5c0f78eeeee0668dd50e7ac9271515218de2d0dc202748741c?s=96&d=mm&r=g\",\"url\":\"https:\\\/\\\/secure.gravatar.com\\\/avatar\\\/679537483addce5c0f78eeeee0668dd50e7ac9271515218de2d0dc202748741c?s=96&d=mm&r=g\",\"contentUrl\":\"https:\\\/\\\/secure.gravatar.com\\\/avatar\\\/679537483addce5c0f78eeeee0668dd50e7ac9271515218de2d0dc202748741c?s=96&d=mm&r=g\",\"caption\":\"Iv\u00e1n Fresneda\"},\"url\":\"https:\\\/\\\/almanimal.com\\\/fr\\\/author\\\/ivanfc\\\/\"}]}<\/script>\n<!-- \/ Yoast SEO plugin. -->","yoast_head_json":{"title":"Razas de perro que m\u00e1s fr\u00edo pasan en invierno y que necesitan abrigo","description":"\u00bfConoces las razas de perro que m\u00e1s fr\u00edo pasan en invierno? Te describimos cada una de ellas en este art\u00edculo para que protejas a tu mascota.","robots":{"index":"index","follow":"follow","max-snippet":"max-snippet:-1","max-image-preview":"max-image-preview:large","max-video-preview":"max-video-preview:-1"},"canonical":"https:\/\/almanimal.com\/fr\/education-et-soins-canins\/les-races-de-chiens-qui-ont-le-plus-froid-en-hiver\/","og_locale":"fr_FR","og_type":"article","og_title":"Razas de perro que m\u00e1s fr\u00edo pasan en invierno y que necesitan abrigo","og_description":"\u00bfConoces las razas de perro que m\u00e1s fr\u00edo pasan en invierno? Te describimos cada una de ellas en este art\u00edculo para que protejas a tu mascota.","og_url":"https:\/\/almanimal.com\/fr\/education-et-soins-canins\/les-races-de-chiens-qui-ont-le-plus-froid-en-hiver\/","og_site_name":"Almanimal","article_publisher":"https:\/\/www.facebook.com\/Lugarnia\/","article_published_time":"2020-10-06T06:22:31+00:00","article_modified_time":"2020-10-06T06:23:10+00:00","og_image":[{"width":1600,"height":1060,"url":"https:\/\/i0.wp.com\/almanimal.com\/wp-content\/uploads\/2020\/10\/perro-con-abrigo.jpg?fit=1600%2C1060&ssl=1","type":"image\/jpeg"}],"author":"Iv\u00e1n Fresneda","twitter_card":"summary_large_image","twitter_creator":"@lugarnia_","twitter_site":"@lugarnia_","twitter_misc":{"\u00c9crit par":"Iv\u00e1n Fresneda","Dur\u00e9e de lecture estim\u00e9e":"4 minutes"},"schema":{"@context":"https:\/\/schema.org","@graph":[{"@type":"Article","@id":"https:\/\/almanimal.com\/educacion-y-cuidados-perros\/razas-de-perro-que-mas-frio-pasan-en-invierno\/#article","isPartOf":{"@id":"https:\/\/almanimal.com\/educacion-y-cuidados-perros\/razas-de-perro-que-mas-frio-pasan-en-invierno\/"},"author":{"name":"Iv\u00e1n Fresneda","@id":"https:\/\/almanimal.com\/#\/schema\/person\/6ed186ff065669ae7edab360e747304d"},"headline":"Las 9 razas de perro que m\u00e1s fr\u00edo pasan en invierno y que necesitan abrigo","datePublished":"2020-10-06T06:22:31+00:00","dateModified":"2020-10-06T06:23:10+00:00","mainEntityOfPage":{"@id":"https:\/\/almanimal.com\/educacion-y-cuidados-perros\/razas-de-perro-que-mas-frio-pasan-en-invierno\/"},"wordCount":898,"commentCount":0,"publisher":{"@id":"https:\/\/almanimal.com\/#organization"},"image":{"@id":"https:\/\/almanimal.com\/educacion-y-cuidados-perros\/razas-de-perro-que-mas-frio-pasan-en-invierno\/#primaryimage"},"thumbnailUrl":"https:\/\/almanimal.com\/wp-content\/uploads\/2020\/10\/perro-con-abrigo.jpg","keywords":["accesorios perros","complementos perros","cuidados perros","educaci\u00f3n y cuidado perros","razas perros","ropa para perros","ropa perros"],"articleSection":["Educaci\u00f3n y cuidados Perros"],"inLanguage":"fr-FR","potentialAction":[{"@type":"CommentAction","name":"Comment","target":["https:\/\/almanimal.com\/educacion-y-cuidados-perros\/razas-de-perro-que-mas-frio-pasan-en-invierno\/#respond"]}]},{"@type":"WebPage","@id":"https:\/\/almanimal.com\/educacion-y-cuidados-perros\/razas-de-perro-que-mas-frio-pasan-en-invierno\/","url":"https:\/\/almanimal.com\/educacion-y-cuidados-perros\/razas-de-perro-que-mas-frio-pasan-en-invierno\/","name":"Razas de perro que m\u00e1s fr\u00edo pasan en invierno y que necesitan abrigo","isPartOf":{"@id":"https:\/\/almanimal.com\/#website"},"primaryImageOfPage":{"@id":"https:\/\/almanimal.com\/educacion-y-cuidados-perros\/razas-de-perro-que-mas-frio-pasan-en-invierno\/#primaryimage"},"image":{"@id":"https:\/\/almanimal.com\/educacion-y-cuidados-perros\/razas-de-perro-que-mas-frio-pasan-en-invierno\/#primaryimage"},"thumbnailUrl":"https:\/\/almanimal.com\/wp-content\/uploads\/2020\/10\/perro-con-abrigo.jpg","datePublished":"2020-10-06T06:22:31+00:00","dateModified":"2020-10-06T06:23:10+00:00","description":"\u00bfConoces las razas de perro que m\u00e1s fr\u00edo pasan en invierno? Te describimos cada una de ellas en este art\u00edculo para que protejas a tu mascota.","breadcrumb":{"@id":"https:\/\/almanimal.com\/educacion-y-cuidados-perros\/razas-de-perro-que-mas-frio-pasan-en-invierno\/#breadcrumb"},"inLanguage":"fr-FR","potentialAction":[{"@type":"ReadAction","target":["https:\/\/almanimal.com\/educacion-y-cuidados-perros\/razas-de-perro-que-mas-frio-pasan-en-invierno\/"]}]},{"@type":"ImageObject","inLanguage":"fr-FR","@id":"https:\/\/almanimal.com\/educacion-y-cuidados-perros\/razas-de-perro-que-mas-frio-pasan-en-invierno\/#primaryimage","url":"https:\/\/almanimal.com\/wp-content\/uploads\/2020\/10\/perro-con-abrigo.jpg","contentUrl":"https:\/\/almanimal.com\/wp-content\/uploads\/2020\/10\/perro-con-abrigo.jpg","width":1600,"height":1060,"caption":"razas de perro que m\u00e1s fr\u00edo pasan en invierno"},{"@type":"BreadcrumbList","@id":"https:\/\/almanimal.com\/educacion-y-cuidados-perros\/razas-de-perro-que-mas-frio-pasan-en-invierno\/#breadcrumb","itemListElement":[{"@type":"ListItem","position":1,"name":"Inicio","item":"https:\/\/almanimal.com\/"},{"@type":"ListItem","position":2,"name":"Educaci\u00f3n y cuidados Perros","item":"https:\/\/almanimal.com\/educacion-y-cuidados-perros\/"},{"@type":"ListItem","position":3,"name":"Las 9 razas de perro que m\u00e1s fr\u00edo pasan en invierno y que necesitan abrigo"}]},{"@type":"WebSite","@id":"https:\/\/almanimal.com\/#website","url":"https:\/\/almanimal.com\/","name":"Almanimal","description":"Revista de animales donde hablamos sobre perros, gatos, aves, peque\u00f1os mam\u00edferos, acuarios, terrarios y curiosidades del mundo animal.","publisher":{"@id":"https:\/\/almanimal.com\/#organization"},"potentialAction":[{"@type":"SearchAction","target":{"@type":"EntryPoint","urlTemplate":"https:\/\/almanimal.com\/?s={search_term_string}"},"query-input":{"@type":"PropertyValueSpecification","valueRequired":true,"valueName":"search_term_string"}}],"inLanguage":"fr-FR"},{"@type":"Organization","@id":"https:\/\/almanimal.com\/#organization","name":"Almanimal","url":"https:\/\/almanimal.com\/","logo":{"@type":"ImageObject","inLanguage":"fr-FR","@id":"https:\/\/almanimal.com\/#\/schema\/logo\/image\/","url":"https:\/\/i2.wp.com\/almanimal.com\/wp-content\/uploads\/2019\/10\/almanimal_logo-nav-3.png?fit=400%2C100&ssl=1","contentUrl":"https:\/\/i2.wp.com\/almanimal.com\/wp-content\/uploads\/2019\/10\/almanimal_logo-nav-3.png?fit=400%2C100&ssl=1","width":400,"height":100,"caption":"Almanimal"},"image":{"@id":"https:\/\/almanimal.com\/#\/schema\/logo\/image\/"},"sameAs":["https:\/\/www.facebook.com\/Lugarnia\/","https:\/\/x.com\/lugarnia_","https:\/\/www.instagram.com\/lugarnia\/"]},{"@type":"Person","@id":"https:\/\/almanimal.com\/#\/schema\/person\/6ed186ff065669ae7edab360e747304d","name":"Iv\u00e1n Fresneda","image":{"@type":"ImageObject","inLanguage":"fr-FR","@id":"https:\/\/secure.gravatar.com\/avatar\/679537483addce5c0f78eeeee0668dd50e7ac9271515218de2d0dc202748741c?s=96&d=mm&r=g","url":"https:\/\/secure.gravatar.com\/avatar\/679537483addce5c0f78eeeee0668dd50e7ac9271515218de2d0dc202748741c?s=96&d=mm&r=g","contentUrl":"https:\/\/secure.gravatar.com\/avatar\/679537483addce5c0f78eeeee0668dd50e7ac9271515218de2d0dc202748741c?s=96&d=mm&r=g","caption":"Iv\u00e1n Fresneda"},"url":"https:\/\/almanimal.com\/fr\/author\/ivanfc\/"}]}},"_links":{"self":[{"href":"https:\/\/almanimal.com\/fr\/wp-json\/wp\/v2\/posts\/16898","targetHints":{"allow":["GET"]}}],"collection":[{"href":"https:\/\/almanimal.com\/fr\/wp-json\/wp\/v2\/posts"}],"about":[{"href":"https:\/\/almanimal.com\/fr\/wp-json\/wp\/v2\/types\/post"}],"author":[{"embeddable":true,"href":"https:\/\/almanimal.com\/fr\/wp-json\/wp\/v2\/users\/20"}],"replies":[{"embeddable":true,"href":"https:\/\/almanimal.com\/fr\/wp-json\/wp\/v2\/comments?post=16898"}],"version-history":[{"count":5,"href":"https:\/\/almanimal.com\/fr\/wp-json\/wp\/v2\/posts\/16898\/revisions"}],"predecessor-version":[{"id":16939,"href":"https:\/\/almanimal.com\/fr\/wp-json\/wp\/v2\/posts\/16898\/revisions\/16939"}],"wp:featuredmedia":[{"embeddable":true,"href":"https:\/\/almanimal.com\/fr\/wp-json\/wp\/v2\/media\/16916"}],"wp:attachment":[{"href":"https:\/\/almanimal.com\/fr\/wp-json\/wp\/v2\/media?parent=16898"}],"wp:term":[{"taxonomy":"category","embeddable":true,"href":"https:\/\/almanimal.com\/fr\/wp-json\/wp\/v2\/categories?post=16898"},{"taxonomy":"post_tag","embeddable":true,"href":"https:\/\/almanimal.com\/fr\/wp-json\/wp\/v2\/tags?post=16898"}],"curies":[{"name":"wp","href":"https:\/\/api.w.org\/{rel}","templated":true}]}}