{"id":18639,"date":"2021-02-22T18:54:58","date_gmt":"2021-02-22T17:54:58","guid":{"rendered":"https:\/\/almanimal.com\/?p=18639"},"modified":"2021-02-22T18:55:04","modified_gmt":"2021-02-22T17:55:04","slug":"comment-le-froid-affecte-les-chiens","status":"publish","type":"post","link":"https:\/\/almanimal.com\/fr\/sante-du-chien\/comment-le-froid-affecte-les-chiens\/","title":{"rendered":"Comment le froid affecte-t-il les chiens ?"},"content":{"rendered":"<p>Avec les basses temp\u00e9ratures, ce ne sont pas seulement les humains qui souffrent ; nos<a href=\"https:\/\/almanimal.com\/fr\/curiosites\/animaux-de-compagnie-pour-enfants-autistes\/\"><strong> animaux domestiques <\/strong><\/a>Ils supportent aussi mal les cons\u00e9quences du froid. C&#039;est pourquoi c&#039;est important. <strong>prot\u00e9geons nos meilleurs amis<\/strong>, pour \u00e9viter les maladies, car la r\u00e9alit\u00e9 est que, comme nous, les chiens sont vuln\u00e9rables en hiver. Dans notre article d&#039;aujourd&#039;hui, nous vous expliquons <strong>Comment le froid affecte les chiens.<\/strong> Prenez note pour \u00eatre pr\u00e9par\u00e9.<\/p>\n\n\n\n<h2 class=\"wp-block-heading\">Comment le froid affecte les chiens\u00a0: tout ce que vous devez savoir<\/h2>\n\n\n\n<p>Tout comme nous, <a href=\"https:\/\/almanimal.com\/fr\/races-de-chiens\/caracteristiques-comportement-et-tout-ce-que-vous-devez-savoir-sur-le-chien-loup-herreno\/\">chiens<\/a> Ils ont \u00e9galement besoin de la m\u00eame chose <strong>protection<\/strong> <strong>et de soins face aux basses temp\u00e9ratures.<\/strong> Le froid touche aussi les chats, qui sont aussi des animaux de compagnie dans de nombreux foyers. Le probl\u00e8me est qu&#039;entre ces deux esp\u00e8ces,<strong> les chiens deviennent plus vuln\u00e9rables<\/strong>; essentiellement parce qu&#039;ils ont tendance \u00e0 passer plus de temps \u00e0 l&#039;ext\u00e9rieur lors de promenades traditionnelles pour se soulager et faire de l&#039;exercice.<\/p>\n\n\n\n<p><strong>Comment le froid affecte-t-il les chiens ?<\/strong> Ces temp\u00e9ratures extr\u00eames peuvent avoir de multiples cons\u00e9quences n\u00e9fastes sur les animaux de compagnie. Sachez d&#039;abord qu&#039;il s&#039;agit d&#039;une r\u00e9alit\u00e9, et non d&#039;un mythe. Soyez donc pr\u00e9par\u00e9 et suivez nos conseils et recommandations. Parmi les cons\u00e9quences de l&#039;exposition aux conditions hivernales, on trouve des maladies telles que\u00a0: <strong>rhumes<\/strong>, mais il y a aussi<strong> tremblements<\/strong>, <strong>difficult\u00e9 \u00e0 respirer, nez sec et m\u00eame raideur musculaire.<\/strong><\/p>\n\n\n\n<div class=\"wp-block-image\"><figure class=\"aligncenter size-large\"><img fetchpriority=\"high\" decoding=\"async\" width=\"1000\" height=\"720\" src=\"https:\/\/almanimal.com\/wp-content\/uploads\/2021\/02\/frio.jpg.jpg\" alt=\"Les maladies respiratoires et de la mobilit\u00e9 ne sont que quelques exemples de la fa\u00e7on dont le froid affecte les chiens.\" class=\"wp-image-18660\" srcset=\"https:\/\/almanimal.com\/wp-content\/uploads\/2021\/02\/frio.jpg.jpg 1000w, https:\/\/almanimal.com\/wp-content\/uploads\/2021\/02\/frio.jpg-300x216.jpg 300w, https:\/\/almanimal.com\/wp-content\/uploads\/2021\/02\/frio.jpg-768x553.jpg 768w\" sizes=\"(max-width: 1000px) 100vw, 1000px\" \/><\/figure><\/div>\n\n\n\n<h3 class=\"wp-block-heading\">Types de chiens les plus touch\u00e9s par le froid<\/h3>\n\n\n\n<p>Comme vous le savez bien, <strong>tous les chiens ne sont pas identiques<\/strong> et certaines races y sont plus sujettes que d&#039;autres. Pour commencer, <strong>chiens d\u00e9velopp\u00e9s \u00e0 basse temp\u00e9rature <\/strong>Ils sont mieux prot\u00e9g\u00e9s de ce type de climat gr\u00e2ce \u00e0 leur \u00e9paisse fourrure. Parmi eux, on trouve<strong> Husky de Sib\u00e9rie<\/strong>, <strong>le Samoy\u00e8de, le <a href=\"https:\/\/es.wikipedia.org\/wiki\/Malamute_de_Alaska\" target=\"_blank\" rel=\"noreferrer noopener\">Malamute d&#039;Alaska<\/a>, le chien d&#039;\u00e9lan et les chiens d&#039;ours de Car\u00e9lie<\/strong>Si vous poss\u00e9dez l&#039;une de ces races, vous devez vous soucier des temp\u00e9ratures estivales, car les basses temp\u00e9ratures ne posent g\u00e9n\u00e9ralement pas de probl\u00e8me majeur pour elles. <\/p>\n\n\n\n<p><strong>Races \u00e0 poil court<\/strong> Ce sont eux qui supportent le moins le froid. On y trouve des chiens de toutes tailles, du plus petit au plus grand. <strong>Chihuahua<\/strong> m\u00eame les plus imposants<strong> l\u00e9vriers et dobermans<\/strong>, en passant par le<strong> beagles<\/strong>Outre leur fourrure courte, leur constitution est diff\u00e9rente. Outre la race, d&#039;autres facteurs entrent en jeu. <strong>Comment le froid affecte les chiens.<\/strong> L&#039;\u00e2ge et la sant\u00e9 des chiens sont d\u00e9terminants.<\/p>\n\n\n\n<p>Par exemple,<strong> les chiots <\/strong>Ils sont tr\u00e8s fragiles et sujets aux souffrances hivernales. Il est donc recommand\u00e9 de les prot\u00e9ger. <strong>jusqu&#039;\u00e0 un certain \u00e2ge, ils ne sont pas s\u00e9par\u00e9s de leur m\u00e8re <\/strong>Qui est celui qui leur donne tant de chaleur\u00a0? Mais n&#039;oubliez pas<strong> les personnes \u00e2g\u00e9es<\/strong>, ils deviennent aussi<strong> incroyablement vuln\u00e9rable au froid<\/strong>; surtout s&#039;ils souffrent de maladies telles qu&#039;une maladie r\u00e9nale. Chiens <strong>relativement jeune<\/strong> qui ont des maladies<strong> respiratoire ou r\u00e9nale<\/strong>, ont \u00e9galement tendance \u00e0 subir les cons\u00e9quences de l\u2019hiver. <strong>N&#039;en n\u00e9gligez aucun !<\/strong><\/p>\n\n\n\n<h2 class=\"wp-block-heading\">Mon chien a-t-il froid ?<\/h2>\n\n\n\n<p>Le sympt\u00f4me le plus \u00e9vident qu&#039;un chien a froid est <strong>tremblements du corps<\/strong>Les humains frissonnent, alors pourquoi les chiens ne le feraient-ils pas \u00e0 leur fa\u00e7on\u00a0? Le froid dans le corps de votre animal devient plus palpable si vous remarquez que <strong>respiration difficile<\/strong> y <strong>a la peau s\u00e8che<\/strong>, en plus de <strong>raideur musculaire<\/strong>Vous remarquerez \u00e9galement que votre chien, qui aimait tant sortir, a maintenant plus de mal et veut simplement s&#039;allonger dans la chaleur de la maison. <strong>C&#039;est tout \u00e0 fait compr\u00e9hensible !<\/strong> Un chien qui a froid pr\u00e9f\u00e8re souvent rester dormir. Il dort m\u00eame plus qu&#039;il ne le devrait.<\/p>\n\n\n\n<h3 class=\"wp-block-heading\">Comment le froid affecte les chiens\u00a0: les maladies hivernales<\/h3>\n\n\n\n<p>Les sympt\u00f4mes d\u00e9crits ci-dessus peuvent entra\u00eener des maladies qui, si elles ne sont pas trait\u00e9es rapidement, peuvent \u00eatre mortelles pour nos meilleurs amis. <strong>Il est tr\u00e8s important que vous soyez attentif<\/strong> et, en cas de sympt\u00f4mes graves ou prolong\u00e9s, <strong>aller chez le v\u00e9t\u00e9rinaire<\/strong>Les maladies les plus courantes sont celles qui affectent le <strong>syst\u00e8me respiratoire et articulations<\/strong>Les chiens, comme les humains, peuvent souffrir de toux,<strong> bronchopneumonie, rhinite, laryngite et pharyngite. <\/strong><\/p>\n\n\n\n<p>Si vous avez d\u00e9j\u00e0 souffert d&#039;une blessure musculaire, vous savez qu&#039;avec la baisse des temp\u00e9ratures, des blessures apparemment gu\u00e9ries finissent par faire mal. Avec le froid <strong>l&#039;humidit\u00e9 augmente et les muscles et les articulations deviennent raides,<\/strong> ce qu&#039;il g\u00e9n\u00e8re <strong>manque de mobilit\u00e9<\/strong> Ce ph\u00e9nom\u00e8ne s&#039;aggrave avec un mode de vie s\u00e9dentaire. Il en va de m\u00eame pour les animaux de compagnie qui souffrent de <strong>arthrite et arthrose<\/strong>\u00c0 cette \u00e9poque de l\u2019ann\u00e9e, ces maladies deviennent plus aigu\u00ebs.<\/p>\n\n\n\n<p>Outre les maladies respiratoires et la mobilit\u00e9, <strong>La peau de nos animaux de compagnie souffre \u00e9galement<\/strong>Plus pr\u00e9cis\u00e9ment la zone de la <strong>tampons<\/strong>Le froid et l&#039;humidit\u00e9 provoquent <strong>s\u00e9cheresse, fissures et m\u00eame l\u00e9sions<\/strong>Apr\u00e8s une promenade, nous vous recommandons de bien s\u00e9cher les pattes de votre animal et d&#039;appliquer des cr\u00e8mes de soin sp\u00e9cifiques (avant et apr\u00e8s les promenades). <strong>Faites particuli\u00e8rement attention si vous vivez dans un endroit o\u00f9 il neige fr\u00e9quemment.<\/strong><\/p>","protected":false},"excerpt":{"rendered":"<p>Comment le froid affecte-t-il les chiens ? Maladies respiratoires, probl\u00e8mes de mobilit\u00e9 et m\u00eame affections cutan\u00e9es : n'oubliez pas de prot\u00e9ger votre animal !<\/p>","protected":false},"author":20,"featured_media":18661,"comment_status":"open","ping_status":"open","sticky":false,"template":"","format":"standard","meta":{"footnotes":""},"categories":[1450],"tags":[1659,1668,1473,1470,1478,1487],"class_list":["post-18639","post","type-post","status-publish","format-standard","has-post-thumbnail","hentry","category-salud-perros","tag-cuidados-perros","tag-educacion-y-cuidado-perros","tag-mascotas","tag-perros","tag-salud","tag-salud-perros"],"yoast_head":"<!-- This site is optimized with the Yoast SEO plugin v27.5 - https:\/\/yoast.com\/product\/yoast-seo-wordpress\/ -->\n<title>\u00bfC\u00f3mo afecta a los perros el fr\u00edo? \u00a1Desc\u00fabrelo en nuestro post!<\/title>\n<meta name=\"description\" content=\"\u00bfC\u00f3mo afecta a los perros el fr\u00edo? Enfermedades respiratorias, de movilidad y hasta afecciones en la piel. \u00a1No te olvides de protegerlo!\" \/>\n<meta name=\"robots\" content=\"index, follow, max-snippet:-1, max-image-preview:large, max-video-preview:-1\" \/>\n<link rel=\"canonical\" href=\"https:\/\/almanimal.com\/fr\/sante-du-chien\/comment-le-froid-affecte-les-chiens\/\" \/>\n<meta property=\"og:locale\" content=\"fr_FR\" \/>\n<meta property=\"og:type\" content=\"article\" \/>\n<meta property=\"og:title\" content=\"\u00bfC\u00f3mo afecta a los perros el fr\u00edo? \u00a1Desc\u00fabrelo en nuestro post!\" \/>\n<meta property=\"og:description\" content=\"\u00bfC\u00f3mo afecta a los perros el fr\u00edo? Enfermedades respiratorias, de movilidad y hasta afecciones en la piel. \u00a1No te olvides de protegerlo!\" \/>\n<meta property=\"og:url\" content=\"https:\/\/almanimal.com\/fr\/sante-du-chien\/comment-le-froid-affecte-les-chiens\/\" \/>\n<meta property=\"og:site_name\" content=\"Almanimal\" \/>\n<meta property=\"article:publisher\" content=\"https:\/\/www.facebook.com\/Lugarnia\/\" \/>\n<meta property=\"article:published_time\" content=\"2021-02-22T17:54:58+00:00\" \/>\n<meta property=\"article:modified_time\" content=\"2021-02-22T17:55:04+00:00\" \/>\n<meta property=\"og:image\" content=\"https:\/\/i0.wp.com\/almanimal.com\/wp-content\/uploads\/2021\/02\/frios-perros.jpg.jpg?fit=1200%2C720&ssl=1\" \/>\n\t<meta property=\"og:image:width\" content=\"1200\" \/>\n\t<meta property=\"og:image:height\" content=\"720\" \/>\n\t<meta property=\"og:image:type\" content=\"image\/jpeg\" \/>\n<meta name=\"author\" content=\"Iv\u00e1n Fresneda\" \/>\n<meta name=\"twitter:card\" content=\"summary_large_image\" \/>\n<meta name=\"twitter:creator\" content=\"@lugarnia_\" \/>\n<meta name=\"twitter:site\" content=\"@lugarnia_\" \/>\n<meta name=\"twitter:label1\" content=\"\u00c9crit par\" \/>\n\t<meta name=\"twitter:data1\" content=\"Iv\u00e1n Fresneda\" \/>\n\t<meta name=\"twitter:label2\" content=\"Dur\u00e9e de lecture estim\u00e9e\" \/>\n\t<meta name=\"twitter:data2\" content=\"4 minutes\" \/>\n<script type=\"application\/ld+json\" class=\"yoast-schema-graph\">{\"@context\":\"https:\\\/\\\/schema.org\",\"@graph\":[{\"@type\":\"Article\",\"@id\":\"https:\\\/\\\/almanimal.com\\\/salud-perros\\\/como-afecta-a-los-perros-el-frio\\\/#article\",\"isPartOf\":{\"@id\":\"https:\\\/\\\/almanimal.com\\\/salud-perros\\\/como-afecta-a-los-perros-el-frio\\\/\"},\"author\":{\"name\":\"Iv\u00e1n Fresneda\",\"@id\":\"https:\\\/\\\/almanimal.com\\\/#\\\/schema\\\/person\\\/6ed186ff065669ae7edab360e747304d\"},\"headline\":\"\u00bfC\u00f3mo afecta a los perros el fr\u00edo?\",\"datePublished\":\"2021-02-22T17:54:58+00:00\",\"dateModified\":\"2021-02-22T17:55:04+00:00\",\"mainEntityOfPage\":{\"@id\":\"https:\\\/\\\/almanimal.com\\\/salud-perros\\\/como-afecta-a-los-perros-el-frio\\\/\"},\"wordCount\":885,\"commentCount\":0,\"publisher\":{\"@id\":\"https:\\\/\\\/almanimal.com\\\/#organization\"},\"image\":{\"@id\":\"https:\\\/\\\/almanimal.com\\\/salud-perros\\\/como-afecta-a-los-perros-el-frio\\\/#primaryimage\"},\"thumbnailUrl\":\"https:\\\/\\\/almanimal.com\\\/wp-content\\\/uploads\\\/2021\\\/02\\\/frios-perros.jpg.jpg\",\"keywords\":[\"cuidados perros\",\"educaci\u00f3n y cuidado perros\",\"mascotas\",\"perros\",\"salud\",\"salud perros\"],\"articleSection\":[\"Salud Perros\"],\"inLanguage\":\"fr-FR\",\"potentialAction\":[{\"@type\":\"CommentAction\",\"name\":\"Comment\",\"target\":[\"https:\\\/\\\/almanimal.com\\\/salud-perros\\\/como-afecta-a-los-perros-el-frio\\\/#respond\"]}]},{\"@type\":\"WebPage\",\"@id\":\"https:\\\/\\\/almanimal.com\\\/salud-perros\\\/como-afecta-a-los-perros-el-frio\\\/\",\"url\":\"https:\\\/\\\/almanimal.com\\\/salud-perros\\\/como-afecta-a-los-perros-el-frio\\\/\",\"name\":\"\u00bfC\u00f3mo afecta a los perros el fr\u00edo? \u00a1Desc\u00fabrelo en nuestro post!\",\"isPartOf\":{\"@id\":\"https:\\\/\\\/almanimal.com\\\/#website\"},\"primaryImageOfPage\":{\"@id\":\"https:\\\/\\\/almanimal.com\\\/salud-perros\\\/como-afecta-a-los-perros-el-frio\\\/#primaryimage\"},\"image\":{\"@id\":\"https:\\\/\\\/almanimal.com\\\/salud-perros\\\/como-afecta-a-los-perros-el-frio\\\/#primaryimage\"},\"thumbnailUrl\":\"https:\\\/\\\/almanimal.com\\\/wp-content\\\/uploads\\\/2021\\\/02\\\/frios-perros.jpg.jpg\",\"datePublished\":\"2021-02-22T17:54:58+00:00\",\"dateModified\":\"2021-02-22T17:55:04+00:00\",\"description\":\"\u00bfC\u00f3mo afecta a los perros el fr\u00edo? Enfermedades respiratorias, de movilidad y hasta afecciones en la piel. \u00a1No te olvides de protegerlo!\",\"breadcrumb\":{\"@id\":\"https:\\\/\\\/almanimal.com\\\/salud-perros\\\/como-afecta-a-los-perros-el-frio\\\/#breadcrumb\"},\"inLanguage\":\"fr-FR\",\"potentialAction\":[{\"@type\":\"ReadAction\",\"target\":[\"https:\\\/\\\/almanimal.com\\\/salud-perros\\\/como-afecta-a-los-perros-el-frio\\\/\"]}]},{\"@type\":\"ImageObject\",\"inLanguage\":\"fr-FR\",\"@id\":\"https:\\\/\\\/almanimal.com\\\/salud-perros\\\/como-afecta-a-los-perros-el-frio\\\/#primaryimage\",\"url\":\"https:\\\/\\\/almanimal.com\\\/wp-content\\\/uploads\\\/2021\\\/02\\\/frios-perros.jpg.jpg\",\"contentUrl\":\"https:\\\/\\\/almanimal.com\\\/wp-content\\\/uploads\\\/2021\\\/02\\\/frios-perros.jpg.jpg\",\"width\":1200,\"height\":720,\"caption\":\"\u00bfC\u00f3mo afecta a los perros el fr\u00edo?\"},{\"@type\":\"BreadcrumbList\",\"@id\":\"https:\\\/\\\/almanimal.com\\\/salud-perros\\\/como-afecta-a-los-perros-el-frio\\\/#breadcrumb\",\"itemListElement\":[{\"@type\":\"ListItem\",\"position\":1,\"name\":\"Inicio\",\"item\":\"https:\\\/\\\/almanimal.com\\\/\"},{\"@type\":\"ListItem\",\"position\":2,\"name\":\"Salud Perros\",\"item\":\"https:\\\/\\\/almanimal.com\\\/salud-perros\\\/\"},{\"@type\":\"ListItem\",\"position\":3,\"name\":\"\u00bfC\u00f3mo afecta a los perros el fr\u00edo?\"}]},{\"@type\":\"WebSite\",\"@id\":\"https:\\\/\\\/almanimal.com\\\/#website\",\"url\":\"https:\\\/\\\/almanimal.com\\\/\",\"name\":\"Almanimal\",\"description\":\"Revista de animales donde hablamos sobre perros, gatos, aves, peque\u00f1os mam\u00edferos, acuarios, terrarios y curiosidades del mundo animal.\",\"publisher\":{\"@id\":\"https:\\\/\\\/almanimal.com\\\/#organization\"},\"potentialAction\":[{\"@type\":\"SearchAction\",\"target\":{\"@type\":\"EntryPoint\",\"urlTemplate\":\"https:\\\/\\\/almanimal.com\\\/?s={search_term_string}\"},\"query-input\":{\"@type\":\"PropertyValueSpecification\",\"valueRequired\":true,\"valueName\":\"search_term_string\"}}],\"inLanguage\":\"fr-FR\"},{\"@type\":\"Organization\",\"@id\":\"https:\\\/\\\/almanimal.com\\\/#organization\",\"name\":\"Almanimal\",\"url\":\"https:\\\/\\\/almanimal.com\\\/\",\"logo\":{\"@type\":\"ImageObject\",\"inLanguage\":\"fr-FR\",\"@id\":\"https:\\\/\\\/almanimal.com\\\/#\\\/schema\\\/logo\\\/image\\\/\",\"url\":\"https:\\\/\\\/i2.wp.com\\\/almanimal.com\\\/wp-content\\\/uploads\\\/2019\\\/10\\\/almanimal_logo-nav-3.png?fit=400%2C100&ssl=1\",\"contentUrl\":\"https:\\\/\\\/i2.wp.com\\\/almanimal.com\\\/wp-content\\\/uploads\\\/2019\\\/10\\\/almanimal_logo-nav-3.png?fit=400%2C100&ssl=1\",\"width\":400,\"height\":100,\"caption\":\"Almanimal\"},\"image\":{\"@id\":\"https:\\\/\\\/almanimal.com\\\/#\\\/schema\\\/logo\\\/image\\\/\"},\"sameAs\":[\"https:\\\/\\\/www.facebook.com\\\/Lugarnia\\\/\",\"https:\\\/\\\/x.com\\\/lugarnia_\",\"https:\\\/\\\/www.instagram.com\\\/lugarnia\\\/\"]},{\"@type\":\"Person\",\"@id\":\"https:\\\/\\\/almanimal.com\\\/#\\\/schema\\\/person\\\/6ed186ff065669ae7edab360e747304d\",\"name\":\"Iv\u00e1n Fresneda\",\"image\":{\"@type\":\"ImageObject\",\"inLanguage\":\"fr-FR\",\"@id\":\"https:\\\/\\\/secure.gravatar.com\\\/avatar\\\/679537483addce5c0f78eeeee0668dd50e7ac9271515218de2d0dc202748741c?s=96&d=mm&r=g\",\"url\":\"https:\\\/\\\/secure.gravatar.com\\\/avatar\\\/679537483addce5c0f78eeeee0668dd50e7ac9271515218de2d0dc202748741c?s=96&d=mm&r=g\",\"contentUrl\":\"https:\\\/\\\/secure.gravatar.com\\\/avatar\\\/679537483addce5c0f78eeeee0668dd50e7ac9271515218de2d0dc202748741c?s=96&d=mm&r=g\",\"caption\":\"Iv\u00e1n Fresneda\"},\"url\":\"https:\\\/\\\/almanimal.com\\\/fr\\\/author\\\/ivanfc\\\/\"}]}<\/script>\n<!-- \/ Yoast SEO plugin. -->","yoast_head_json":{"title":"\u00bfC\u00f3mo afecta a los perros el fr\u00edo? \u00a1Desc\u00fabrelo en nuestro post!","description":"\u00bfC\u00f3mo afecta a los perros el fr\u00edo? Enfermedades respiratorias, de movilidad y hasta afecciones en la piel. \u00a1No te olvides de protegerlo!","robots":{"index":"index","follow":"follow","max-snippet":"max-snippet:-1","max-image-preview":"max-image-preview:large","max-video-preview":"max-video-preview:-1"},"canonical":"https:\/\/almanimal.com\/fr\/sante-du-chien\/comment-le-froid-affecte-les-chiens\/","og_locale":"fr_FR","og_type":"article","og_title":"\u00bfC\u00f3mo afecta a los perros el fr\u00edo? \u00a1Desc\u00fabrelo en nuestro post!","og_description":"\u00bfC\u00f3mo afecta a los perros el fr\u00edo? Enfermedades respiratorias, de movilidad y hasta afecciones en la piel. \u00a1No te olvides de protegerlo!","og_url":"https:\/\/almanimal.com\/fr\/sante-du-chien\/comment-le-froid-affecte-les-chiens\/","og_site_name":"Almanimal","article_publisher":"https:\/\/www.facebook.com\/Lugarnia\/","article_published_time":"2021-02-22T17:54:58+00:00","article_modified_time":"2021-02-22T17:55:04+00:00","og_image":[{"width":1200,"height":720,"url":"https:\/\/i0.wp.com\/almanimal.com\/wp-content\/uploads\/2021\/02\/frios-perros.jpg.jpg?fit=1200%2C720&ssl=1","type":"image\/jpeg"}],"author":"Iv\u00e1n Fresneda","twitter_card":"summary_large_image","twitter_creator":"@lugarnia_","twitter_site":"@lugarnia_","twitter_misc":{"\u00c9crit par":"Iv\u00e1n Fresneda","Dur\u00e9e de lecture estim\u00e9e":"4 minutes"},"schema":{"@context":"https:\/\/schema.org","@graph":[{"@type":"Article","@id":"https:\/\/almanimal.com\/salud-perros\/como-afecta-a-los-perros-el-frio\/#article","isPartOf":{"@id":"https:\/\/almanimal.com\/salud-perros\/como-afecta-a-los-perros-el-frio\/"},"author":{"name":"Iv\u00e1n Fresneda","@id":"https:\/\/almanimal.com\/#\/schema\/person\/6ed186ff065669ae7edab360e747304d"},"headline":"\u00bfC\u00f3mo afecta a los perros el fr\u00edo?","datePublished":"2021-02-22T17:54:58+00:00","dateModified":"2021-02-22T17:55:04+00:00","mainEntityOfPage":{"@id":"https:\/\/almanimal.com\/salud-perros\/como-afecta-a-los-perros-el-frio\/"},"wordCount":885,"commentCount":0,"publisher":{"@id":"https:\/\/almanimal.com\/#organization"},"image":{"@id":"https:\/\/almanimal.com\/salud-perros\/como-afecta-a-los-perros-el-frio\/#primaryimage"},"thumbnailUrl":"https:\/\/almanimal.com\/wp-content\/uploads\/2021\/02\/frios-perros.jpg.jpg","keywords":["cuidados perros","educaci\u00f3n y cuidado perros","mascotas","perros","salud","salud perros"],"articleSection":["Salud Perros"],"inLanguage":"fr-FR","potentialAction":[{"@type":"CommentAction","name":"Comment","target":["https:\/\/almanimal.com\/salud-perros\/como-afecta-a-los-perros-el-frio\/#respond"]}]},{"@type":"WebPage","@id":"https:\/\/almanimal.com\/salud-perros\/como-afecta-a-los-perros-el-frio\/","url":"https:\/\/almanimal.com\/salud-perros\/como-afecta-a-los-perros-el-frio\/","name":"\u00bfC\u00f3mo afecta a los perros el fr\u00edo? \u00a1Desc\u00fabrelo en nuestro post!","isPartOf":{"@id":"https:\/\/almanimal.com\/#website"},"primaryImageOfPage":{"@id":"https:\/\/almanimal.com\/salud-perros\/como-afecta-a-los-perros-el-frio\/#primaryimage"},"image":{"@id":"https:\/\/almanimal.com\/salud-perros\/como-afecta-a-los-perros-el-frio\/#primaryimage"},"thumbnailUrl":"https:\/\/almanimal.com\/wp-content\/uploads\/2021\/02\/frios-perros.jpg.jpg","datePublished":"2021-02-22T17:54:58+00:00","dateModified":"2021-02-22T17:55:04+00:00","description":"\u00bfC\u00f3mo afecta a los perros el fr\u00edo? Enfermedades respiratorias, de movilidad y hasta afecciones en la piel. \u00a1No te olvides de protegerlo!","breadcrumb":{"@id":"https:\/\/almanimal.com\/salud-perros\/como-afecta-a-los-perros-el-frio\/#breadcrumb"},"inLanguage":"fr-FR","potentialAction":[{"@type":"ReadAction","target":["https:\/\/almanimal.com\/salud-perros\/como-afecta-a-los-perros-el-frio\/"]}]},{"@type":"ImageObject","inLanguage":"fr-FR","@id":"https:\/\/almanimal.com\/salud-perros\/como-afecta-a-los-perros-el-frio\/#primaryimage","url":"https:\/\/almanimal.com\/wp-content\/uploads\/2021\/02\/frios-perros.jpg.jpg","contentUrl":"https:\/\/almanimal.com\/wp-content\/uploads\/2021\/02\/frios-perros.jpg.jpg","width":1200,"height":720,"caption":"\u00bfC\u00f3mo afecta a los perros el fr\u00edo?"},{"@type":"BreadcrumbList","@id":"https:\/\/almanimal.com\/salud-perros\/como-afecta-a-los-perros-el-frio\/#breadcrumb","itemListElement":[{"@type":"ListItem","position":1,"name":"Inicio","item":"https:\/\/almanimal.com\/"},{"@type":"ListItem","position":2,"name":"Salud Perros","item":"https:\/\/almanimal.com\/salud-perros\/"},{"@type":"ListItem","position":3,"name":"\u00bfC\u00f3mo afecta a los perros el fr\u00edo?"}]},{"@type":"WebSite","@id":"https:\/\/almanimal.com\/#website","url":"https:\/\/almanimal.com\/","name":"Almanimal","description":"Revista de animales donde hablamos sobre perros, gatos, aves, peque\u00f1os mam\u00edferos, acuarios, terrarios y curiosidades del mundo animal.","publisher":{"@id":"https:\/\/almanimal.com\/#organization"},"potentialAction":[{"@type":"SearchAction","target":{"@type":"EntryPoint","urlTemplate":"https:\/\/almanimal.com\/?s={search_term_string}"},"query-input":{"@type":"PropertyValueSpecification","valueRequired":true,"valueName":"search_term_string"}}],"inLanguage":"fr-FR"},{"@type":"Organization","@id":"https:\/\/almanimal.com\/#organization","name":"Almanimal","url":"https:\/\/almanimal.com\/","logo":{"@type":"ImageObject","inLanguage":"fr-FR","@id":"https:\/\/almanimal.com\/#\/schema\/logo\/image\/","url":"https:\/\/i2.wp.com\/almanimal.com\/wp-content\/uploads\/2019\/10\/almanimal_logo-nav-3.png?fit=400%2C100&ssl=1","contentUrl":"https:\/\/i2.wp.com\/almanimal.com\/wp-content\/uploads\/2019\/10\/almanimal_logo-nav-3.png?fit=400%2C100&ssl=1","width":400,"height":100,"caption":"Almanimal"},"image":{"@id":"https:\/\/almanimal.com\/#\/schema\/logo\/image\/"},"sameAs":["https:\/\/www.facebook.com\/Lugarnia\/","https:\/\/x.com\/lugarnia_","https:\/\/www.instagram.com\/lugarnia\/"]},{"@type":"Person","@id":"https:\/\/almanimal.com\/#\/schema\/person\/6ed186ff065669ae7edab360e747304d","name":"Iv\u00e1n Fresneda","image":{"@type":"ImageObject","inLanguage":"fr-FR","@id":"https:\/\/secure.gravatar.com\/avatar\/679537483addce5c0f78eeeee0668dd50e7ac9271515218de2d0dc202748741c?s=96&d=mm&r=g","url":"https:\/\/secure.gravatar.com\/avatar\/679537483addce5c0f78eeeee0668dd50e7ac9271515218de2d0dc202748741c?s=96&d=mm&r=g","contentUrl":"https:\/\/secure.gravatar.com\/avatar\/679537483addce5c0f78eeeee0668dd50e7ac9271515218de2d0dc202748741c?s=96&d=mm&r=g","caption":"Iv\u00e1n Fresneda"},"url":"https:\/\/almanimal.com\/fr\/author\/ivanfc\/"}]}},"_links":{"self":[{"href":"https:\/\/almanimal.com\/fr\/wp-json\/wp\/v2\/posts\/18639","targetHints":{"allow":["GET"]}}],"collection":[{"href":"https:\/\/almanimal.com\/fr\/wp-json\/wp\/v2\/posts"}],"about":[{"href":"https:\/\/almanimal.com\/fr\/wp-json\/wp\/v2\/types\/post"}],"author":[{"embeddable":true,"href":"https:\/\/almanimal.com\/fr\/wp-json\/wp\/v2\/users\/20"}],"replies":[{"embeddable":true,"href":"https:\/\/almanimal.com\/fr\/wp-json\/wp\/v2\/comments?post=18639"}],"version-history":[{"count":5,"href":"https:\/\/almanimal.com\/fr\/wp-json\/wp\/v2\/posts\/18639\/revisions"}],"predecessor-version":[{"id":18665,"href":"https:\/\/almanimal.com\/fr\/wp-json\/wp\/v2\/posts\/18639\/revisions\/18665"}],"wp:featuredmedia":[{"embeddable":true,"href":"https:\/\/almanimal.com\/fr\/wp-json\/wp\/v2\/media\/18661"}],"wp:attachment":[{"href":"https:\/\/almanimal.com\/fr\/wp-json\/wp\/v2\/media?parent=18639"}],"wp:term":[{"taxonomy":"category","embeddable":true,"href":"https:\/\/almanimal.com\/fr\/wp-json\/wp\/v2\/categories?post=18639"},{"taxonomy":"post_tag","embeddable":true,"href":"https:\/\/almanimal.com\/fr\/wp-json\/wp\/v2\/tags?post=18639"}],"curies":[{"name":"wp","href":"https:\/\/api.w.org\/{rel}","templated":true}]}}