{"id":18754,"date":"2021-02-28T09:37:44","date_gmt":"2021-02-28T08:37:44","guid":{"rendered":"https:\/\/almanimal.com\/?p=18754"},"modified":"2021-02-28T09:37:46","modified_gmt":"2021-02-28T08:37:46","slug":"consequence-de-laugmentation-de-la-temperature-mondiale","status":"publish","type":"post","link":"https:\/\/almanimal.com\/fr\/curiosites\/consequence-de-laugmentation-de-la-temperature-mondiale\/","title":{"rendered":"Les cons\u00e9quences dramatiques de l'augmentation des temp\u00e9ratures mondiales pour les requins"},"content":{"rendered":"<p>Un sujet tr\u00e8s courant dans la soci\u00e9t\u00e9 d\u2019aujourd\u2019hui est la <strong>lutte contre le changement climatique<\/strong>De nombreuses personnes, organisations et scientifiques tentent de saisir la r\u00e9alit\u00e9 des changements qui se produisent sur notre plan\u00e8te. Les temp\u00e9ratures mondiales augmentent, les climats changent, les comportements animaux \u00e9voluent, les p\u00f4les fondent, et tout cela entra\u00eene un <strong>r\u00e9sultat tr\u00e8s n\u00e9gatif pour la Terre<\/strong>Il convient de noter que <strong>Les cons\u00e9quences de l\u2019augmentation de la temp\u00e9rature mondiale sont tr\u00e8s graves <\/strong>et que nous devons agir pour stopper son avanc\u00e9e.<\/p>\n\n\n\n<p><strong>La hausse des temp\u00e9ratures affecte toutes les zones et tous les \u00e9cosyst\u00e8mes.<\/strong>Les changements qui s&#039;op\u00e8rent dans les environnements marins en sont un exemple. Il est important de souligner que, pour que les esp\u00e8ces survivent, l&#039;\u00e9cosyst\u00e8me auquel elles appartiennent doit \u00eatre maintenu en \u00e9quilibre. Si un seul maillon de la cha\u00eene est alt\u00e9r\u00e9, l&#039;impact sur l&#039;ensemble de l&#039;\u00e9cosyst\u00e8me peut \u00eatre tr\u00e8s n\u00e9gatif. Dans les mers et les oc\u00e9ans, <strong>Les requins font partie des esp\u00e8ces qui souffrent des cons\u00e9quences de la hausse des temp\u00e9ratures mondiales.<\/strong>Ces animaux naissent de plus en plus petits et mal nourris.<\/p>\n\n\n\n<h2 class=\"wp-block-heading\">Une cons\u00e9quence de la hausse des temp\u00e9ratures mondiales : les requins<\/h2>\n\n\n\n<p>Une cons\u00e9quence de l\u2019augmentation de la temp\u00e9rature mondiale est observ\u00e9e dans <strong>les changements physiologiques qu&#039;ils subissent <a href=\"https:\/\/almanimal.com\/fr\/curiosites\/importance-des-requins\/\">requins<\/a><\/strong>Une \u00e9quipe de chercheurs s&#039;est pench\u00e9e sur ces changements. Ils ont \u00e9tudi\u00e9 l&#039;effet de la hausse de la temp\u00e9rature de l&#039;eau sur le d\u00e9veloppement des requins-\u00e9paulettes dans la Grande Barri\u00e8re de corail. Pour mener cette \u00e9tude, <strong>Ils ont effectu\u00e9 des tests sur des b\u00e9b\u00e9s et des embryons de requins dans des eaux allant jusqu&#039;\u00e0 31\u00ba C.<\/strong><\/p>\n\n\n\n<p>Apr\u00e8s avoir collect\u00e9 et analys\u00e9 les donn\u00e9es, les chercheurs ont conclu que <strong>Dans les eaux plus chaudes, les embryons se d\u00e9veloppent plus rapidement.<\/strong>De plus, ils utilisent plus rapidement leur sac vitellin, qui est la seule source de nourriture dont ils disposent \u00e0 ce stade de d\u00e9veloppement.<\/p>\n\n\n\n<div class=\"wp-block-image\"><figure class=\"aligncenter size-large\"><img fetchpriority=\"high\" decoding=\"async\" width=\"1000\" height=\"666\" src=\"https:\/\/almanimal.com\/wp-content\/uploads\/2020\/09\/branquias-tiburon-1000x666.jpg\" alt=\"branchies de requin syst\u00e8me respiratoire des poissons\" class=\"wp-image-16850\" srcset=\"https:\/\/almanimal.com\/wp-content\/uploads\/2020\/09\/branquias-tiburon-1000x666.jpg 1000w, https:\/\/almanimal.com\/wp-content\/uploads\/2020\/09\/branquias-tiburon-300x200.jpg 300w, https:\/\/almanimal.com\/wp-content\/uploads\/2020\/09\/branquias-tiburon-768x512.jpg 768w, https:\/\/almanimal.com\/wp-content\/uploads\/2020\/09\/branquias-tiburon.jpg 1280w\" sizes=\"(max-width: 1000px) 100vw, 1000px\" \/><\/figure><\/div>\n\n\n\n<p>Ces changements ont fait que <strong>les b\u00e9b\u00e9s requins naissent plus t\u00f4t<\/strong> mais, en plus, <strong>naissent plus petits<\/strong> et ayant besoin de se nourrir imm\u00e9diatement. Dans cette \u00e9tude, ils ont observ\u00e9 que <strong>Les b\u00e9b\u00e9s requins naissent avec tr\u00e8s peu d\u2019\u00e9nergie<\/strong>, lequel<strong> rend leur survie tr\u00e8s difficile<\/strong> pendant les premi\u00e8res heures.<\/p>\n\n\n\n<p>Il existe plus de 500 esp\u00e8ces de requins dans le monde. <strong>Certaines de ces esp\u00e8ces<\/strong>, comme les requins \u00e0 \u00e9paulettes, ont <strong>certaines comp\u00e9tences pour s&#039;adapter aux changements qui surviennent dans l&#039;environnement<\/strong>Par exemple, ils ont pu s\u2019adapter \u00e0 l\u2019acidification des oc\u00e9ans, mais on observe que <strong>ont de s\u00e9rieuses difficult\u00e9s \u00e0 lutter contre la hausse de la temp\u00e9rature de l&#039;eau<\/strong>Si ces requins luttent pour survivre, qu\u2019arrivera-t-il aux autres esp\u00e8ces ayant une moindre capacit\u00e9 d\u2019adaptation ?<\/p>\n\n\n\n<h3 class=\"wp-block-heading\">L&#039;\u00e9tat de la Grande Barri\u00e8re de corail : une autre cons\u00e9quence de la hausse des temp\u00e9ratures mondiales<\/h3>\n\n\n\n<p>Ce nom est donn\u00e9 \u00e0 la <strong>le plus grand r\u00e9cif corallien du monde<\/strong>Il s&#039;\u00e9tend sur 345\u00a0000 m\u00e8tres carr\u00e9s. Bien que ce type de r\u00e9cif ne repr\u00e9sente que 11\u00a0% des fonds marins, <strong>Ils abritent un quart de toutes les esp\u00e8ces qui peuplent les mers<\/strong>Parmi eux, on peut distinguer plus de 1 500 esp\u00e8ces diff\u00e9rentes de poissons, 411 coraux durs et des centaines d&#039;autres esp\u00e8ces.<\/p>\n\n\n\n<figure class=\"wp-block-embed aligncenter is-type-video is-provider-youtube wp-block-embed-youtube wp-embed-aspect-16-9 wp-has-aspect-ratio\"><div class=\"wp-block-embed__wrapper\">\n<iframe title=\"D\u00e9couvrez la splendeur de la Grande Barri\u00e8re de corail australienne | National Geographic en espagnol\" width=\"1200\" height=\"675\" src=\"https:\/\/www.youtube.com\/embed\/9aR_w1JeQaE?feature=oembed\" frameborder=\"0\" allow=\"accelerometer; autoplay; clipboard-write; encrypted-media; gyroscope; picture-in-picture\" allowfullscreen><\/iframe>\n<\/div><\/figure>\n\n\n\n<p><strong>Les coraux sont tr\u00e8s importants<\/strong> car ils forment des structures qui servent de nourriture et d\u2019abri \u00e0 de nombreux animaux.<strong> De nombreuses esp\u00e8ces en d\u00e9pendent et elles constituent une zone d\u2019alimentation pour les requins.<\/strong>Malheureusement, rares sont les r\u00e9cifs encore intacts aujourd&#039;hui. Ces zones marines subissent les cons\u00e9quences de la hausse des temp\u00e9ratures mondiales.<\/p>\n\n\n\n<div class=\"wp-block-image\"><figure class=\"aligncenter size-full\"><img decoding=\"async\" width=\"1000\" height=\"600\" src=\"https:\/\/almanimal.com\/wp-content\/uploads\/2021\/02\/arrecife-de-coral.jpg\" alt=\"r\u00e9cif corallien\" class=\"wp-image-18756\" srcset=\"https:\/\/almanimal.com\/wp-content\/uploads\/2021\/02\/arrecife-de-coral.jpg 1000w, https:\/\/almanimal.com\/wp-content\/uploads\/2021\/02\/arrecife-de-coral-300x180.jpg 300w, https:\/\/almanimal.com\/wp-content\/uploads\/2021\/02\/arrecife-de-coral-768x461.jpg 768w\" sizes=\"(max-width: 1000px) 100vw, 1000px\" \/><\/figure><\/div>\n\n\n\n<p>Les coraux sont habit\u00e9s par des plantes microscopiques qui leur fournissent couleur et nourriture. Si la temp\u00e9rature de l&#039;eau augmente d&#039;un ou deux degr\u00e9s, <strong>Les coraux expulsent ces plantes, perdant leur principale source de nourriture et devenant blancs.<\/strong>. Ceci est une cons\u00e9quence de la hausse des temp\u00e9ratures mondiales. De plus, le changement climatique provoque \u00e9galement une <strong>niveau d&#039;acidit\u00e9 plus \u00e9lev\u00e9 des eaux<\/strong>Aucun r\u00e9cif ne peut faire face \u00e0 ces deux changements. Ainsi, <strong>la perte des r\u00e9cifs coralliens se produit<\/strong>Sans coraux vivants, de nombreuses esp\u00e8ces qui en d\u00e9pendent p\u00e9riront \u00e9galement, laissant de nombreux requins sans source de nourriture.<\/p>\n\n\n\n<div class=\"wp-block-image\"><figure class=\"aligncenter size-full\"><img decoding=\"async\" width=\"1000\" height=\"600\" src=\"https:\/\/almanimal.com\/wp-content\/uploads\/2021\/02\/coral-blanco.jpg\" alt=\"cons\u00e9quence de l&#039;augmentation de la temp\u00e9rature mondiale : le corail blanc\" class=\"wp-image-18757\" srcset=\"https:\/\/almanimal.com\/wp-content\/uploads\/2021\/02\/coral-blanco.jpg 1000w, https:\/\/almanimal.com\/wp-content\/uploads\/2021\/02\/coral-blanco-300x180.jpg 300w, https:\/\/almanimal.com\/wp-content\/uploads\/2021\/02\/coral-blanco-768x461.jpg 768w\" sizes=\"(max-width: 1000px) 100vw, 1000px\" \/><\/figure><\/div>\n\n\n\n<h3 class=\"wp-block-heading\">Que pouvons-nous faire pour lutter contre ce probl\u00e8me ?<\/h3>\n\n\n\n<p>Comme nous le savons, le changement climatique nous concerne tous. Chacun peut contribuer et agir, \u00e0 petits pas, pour am\u00e9liorer la situation. <strong>Dans ce combat, nous nous battons tous. <\/strong>Il est important de garder \u00e0 l&#039;esprit que, m\u00eame avec peu d&#039;efforts, nous contribuons \u00e0 la gu\u00e9rison de la plan\u00e8te. Voici donc quelques actions que vous pouvez entreprendre\u00a0:<\/p>\n\n\n\n<ul class=\"wp-block-list\"><li><strong>Changer les ampoules \u00e0 la maison<\/strong>L&#039;utilisation d&#039;ampoules basse consommation permet d&#039;\u00e9conomiser plus de 45 kg de dioxyde de carbone par an. Elle pr\u00e9sente \u00e9galement l&#039;avantage de r\u00e9duire la consommation d&#039;\u00e9lectricit\u00e9 des m\u00e9nages \u00e0 long terme.<\/li><li><strong>R\u00e9duire les d\u00e9placements en voiture<\/strong>:Dans la mesure du possible, essayez de trouver un autre moyen de transport que la voiture. Vous avez le choix entre de nombreuses options, comme le v\u00e9lo, la trottinette, la marche ou les transports en commun.<\/li><\/ul>\n\n\n\n<div class=\"wp-block-image\"><figure class=\"aligncenter size-full\"><img loading=\"lazy\" decoding=\"async\" width=\"1000\" height=\"600\" src=\"https:\/\/almanimal.com\/wp-content\/uploads\/2021\/02\/bicicleta.jpg\" alt=\"faire du v\u00e9lo\" class=\"wp-image-18758\" srcset=\"https:\/\/almanimal.com\/wp-content\/uploads\/2021\/02\/bicicleta.jpg 1000w, https:\/\/almanimal.com\/wp-content\/uploads\/2021\/02\/bicicleta-300x180.jpg 300w, https:\/\/almanimal.com\/wp-content\/uploads\/2021\/02\/bicicleta-768x461.jpg 768w\" sizes=\"(max-width: 1000px) 100vw, 1000px\" \/><\/figure><\/div>\n\n\n\n<ul class=\"wp-block-list\"><li><strong>V\u00e9rifiez vos pneus<\/strong>Si la pression baisse, la voiture consomme plus de carburant et, par cons\u00e9quent, \u00e9met plus de CO2. Il est donc important de v\u00e9rifier r\u00e9guli\u00e8rement la pression.<\/li><li><strong>\u00c9teignez les appareils que vous n&#039;utilisez pas<\/strong>:En faisant cela, vous \u00e9vitez l&#039;\u00e9mission de milliers de kilos de dioxyde de carbone. Par cons\u00e9quent, \u00e9teignez compl\u00e8tement et, si possible, d\u00e9branchez votre t\u00e9l\u00e9viseur, votre ordinateur, votre chargeur de t\u00e9l\u00e9phone portable, etc.<\/li><li><strong>Prenez quelques minutes pour recycler<\/strong>C&#039;est un clich\u00e9 dans la lutte contre le changement climatique. Pourtant, vous pouvez \u00e9conomiser jusqu&#039;\u00e0 730 kilos de dioxyde de carbone par an en recyclant seulement la moiti\u00e9 de vos d\u00e9chets m\u00e9nagers.<\/li><li><strong>\u00c9viter ou r\u00e9duire les emballages<\/strong>Choisissez des bouteilles ou des contenants avec un emballage minimal. Privil\u00e9giez le contenant le plus grand. Une grande bouteille pollue moins que trois petites.<\/li><li><strong>R\u00e9gler le thermostat<\/strong>Cette action peut pr\u00e9venir l&#039;\u00e9mission d&#039;une grande quantit\u00e9 de CO2. En modifiant la temp\u00e9rature de seulement deux degr\u00e9s, on r\u00e9duit les \u00e9missions de ce gaz de 600 kilos.<\/li><li><strong>Planter un arbre<\/strong>Cette action figure probablement sur la liste des choses que beaucoup de gens souhaitent faire au cours de leur vie. C&#039;est un geste simple et tr\u00e8s utile, car un seul arbre absorbe une tonne de CO2 au cours de sa vie.<\/li><\/ul>\n\n\n\n<div class=\"wp-block-image\"><figure class=\"aligncenter size-full\"><img loading=\"lazy\" decoding=\"async\" width=\"1000\" height=\"600\" src=\"https:\/\/almanimal.com\/wp-content\/uploads\/2021\/02\/plantar-arbol.jpg\" alt=\"lutter contre les cons\u00e9quences de la hausse des temp\u00e9ratures mondiales\" class=\"wp-image-18759\" srcset=\"https:\/\/almanimal.com\/wp-content\/uploads\/2021\/02\/plantar-arbol.jpg 1000w, https:\/\/almanimal.com\/wp-content\/uploads\/2021\/02\/plantar-arbol-300x180.jpg 300w, https:\/\/almanimal.com\/wp-content\/uploads\/2021\/02\/plantar-arbol-768x461.jpg 768w\" sizes=\"(max-width: 1000px) 100vw, 1000px\" \/><\/figure><\/div>\n\n\n\n<ul class=\"wp-block-list\"><li><strong>R\u00e9duire la temp\u00e9rature de l&#039;eau<\/strong>Utilisez de l&#039;eau froide pour la vaisselle, la vaisselle et les programmes de lavage. Vous \u00e9conomiserez ainsi de l&#039;\u00e9nergie et de l&#039;\u00e9lectricit\u00e9, et r\u00e9duirez les \u00e9missions de CO2. Baissez \u00e9galement la temp\u00e9rature de votre douche de quelques degr\u00e9s.<\/li><li><strong>Faites attention aux appareils \u00e9lectrom\u00e9nagers<\/strong>En couvrant la casserole ou la po\u00eale pendant la cuisson, vous atteindrez une temp\u00e9rature plus \u00e9lev\u00e9e plus rapidement. Cela permet d&#039;\u00e9conomiser de l&#039;\u00e9nergie. Dans la mesure du possible, utilisez un autocuiseur ou un cuiseur vapeur, car ils r\u00e9duisent la consommation d&#039;\u00e9nergie jusqu&#039;\u00e0 70 %.<\/li><\/ul>\n\n\n\n<p>Ne faites fonctionner le lave-vaisselle et le lave-linge que lorsqu&#039;ils sont pleins. Inutile de choisir les programmes \u00e0 temp\u00e9rature maximale\u00a0; les d\u00e9tergents et les appareils sont con\u00e7us pour offrir d&#039;excellents r\u00e9sultats \u00e0 basse temp\u00e9rature.<\/p>\n\n\n\n<h2 class=\"wp-block-heading\">R\u00e9f\u00e9rences<\/h2>\n\n\n\n<p>Wheeler, CR, Rummer, JL, Bailey, B., Lockwood, J., Vance, S., et Mandelman, JW (12 janvier 2021). Futurs r\u00e9gimes thermiques pour les requins-\u00e9paulettes (Hemiscyllium ocellatum)\u00a0: croissance et performances m\u00e9taboliques ne sont plus optimales. R\u00e9cup\u00e9r\u00e9 de <a href=\"https:\/\/www.nature.com\/articles\/s41598-020-79953-0?error=cookies_not_supported&amp;code=da4bc669-a89f-4db5-ae15-d2b69a0d50f6\" target=\"_blank\" rel=\"noreferrer noopener\">https:\/\/www.nature.com\/articles\/s41598-020-79953-0?error=cookies_not_supported&amp;code=da4bc669-a89f-4db5-ae15-d2b69a0d50f6<\/a><\/p>","protected":false},"excerpt":{"rendered":"<p>Le changement climatique affecte l'ensemble de la plan\u00e8te, et l'une des cons\u00e9quences de la hausse des temp\u00e9ratures mondiales est observ\u00e9e chez les requins.<\/p>","protected":false},"author":20,"featured_media":18755,"comment_status":"open","ping_status":"open","sticky":false,"template":"","format":"standard","meta":{"footnotes":""},"categories":[1430],"tags":[2538,2509,2539,1468,2542,1825],"class_list":["post-18754","post","type-post","status-publish","format-standard","has-post-thumbnail","hentry","category-curiosidades","tag-calentamiento-global","tag-cambio-climatico","tag-consecuencias","tag-curiosidades","tag-medioambiente","tag-tiburones"],"yoast_head":"<!-- This site is optimized with the Yoast SEO plugin v27.4 - https:\/\/yoast.com\/product\/yoast-seo-wordpress\/ -->\n<title>La consecuencia del aumento de temperatura global para los tiburones<\/title>\n<meta name=\"description\" content=\"El cambio clim\u00e1tico afecta a todo el planeta, una consecuencia del aumento de temperatura global se observa en los tiburones.\" \/>\n<meta name=\"robots\" content=\"index, follow, max-snippet:-1, max-image-preview:large, max-video-preview:-1\" \/>\n<link rel=\"canonical\" href=\"https:\/\/almanimal.com\/fr\/curiosites\/consequence-de-laugmentation-de-la-temperature-mondiale\/\" \/>\n<meta property=\"og:locale\" content=\"fr_FR\" \/>\n<meta property=\"og:type\" content=\"article\" \/>\n<meta property=\"og:title\" content=\"La consecuencia del aumento de temperatura global para los tiburones\" \/>\n<meta property=\"og:description\" content=\"El cambio clim\u00e1tico afecta a todo el planeta, una consecuencia del aumento de temperatura global se observa en los tiburones.\" \/>\n<meta property=\"og:url\" content=\"https:\/\/almanimal.com\/fr\/curiosites\/consequence-de-laugmentation-de-la-temperature-mondiale\/\" \/>\n<meta property=\"og:site_name\" content=\"Almanimal\" \/>\n<meta property=\"article:publisher\" content=\"https:\/\/www.facebook.com\/Lugarnia\/\" \/>\n<meta property=\"article:published_time\" content=\"2021-02-28T08:37:44+00:00\" \/>\n<meta property=\"article:modified_time\" content=\"2021-02-28T08:37:46+00:00\" \/>\n<meta property=\"og:image\" content=\"https:\/\/i2.wp.com\/almanimal.com\/wp-content\/uploads\/2021\/02\/consecuencia-del-aumento-de-temperatura.jpg?fit=1200%2C720&ssl=1\" \/>\n\t<meta property=\"og:image:width\" content=\"1200\" \/>\n\t<meta property=\"og:image:height\" content=\"720\" \/>\n\t<meta property=\"og:image:type\" content=\"image\/jpeg\" \/>\n<meta name=\"author\" content=\"Iv\u00e1n Fresneda\" \/>\n<meta name=\"twitter:card\" content=\"summary_large_image\" \/>\n<meta name=\"twitter:creator\" content=\"@lugarnia_\" \/>\n<meta name=\"twitter:site\" content=\"@lugarnia_\" \/>\n<meta name=\"twitter:label1\" content=\"\u00c9crit par\" \/>\n\t<meta name=\"twitter:data1\" content=\"Iv\u00e1n Fresneda\" \/>\n\t<meta name=\"twitter:label2\" content=\"Dur\u00e9e de lecture estim\u00e9e\" \/>\n\t<meta name=\"twitter:data2\" content=\"7 minutes\" \/>\n<script type=\"application\/ld+json\" class=\"yoast-schema-graph\">{\"@context\":\"https:\\\/\\\/schema.org\",\"@graph\":[{\"@type\":\"Article\",\"@id\":\"https:\\\/\\\/almanimal.com\\\/curiosidades\\\/consecuencia-del-aumento-de-temperatura-global\\\/#article\",\"isPartOf\":{\"@id\":\"https:\\\/\\\/almanimal.com\\\/curiosidades\\\/consecuencia-del-aumento-de-temperatura-global\\\/\"},\"author\":{\"name\":\"Iv\u00e1n Fresneda\",\"@id\":\"https:\\\/\\\/almanimal.com\\\/#\\\/schema\\\/person\\\/6ed186ff065669ae7edab360e747304d\"},\"headline\":\"La dr\u00e1stica consecuencia del aumento de temperatura global para los tiburones\",\"datePublished\":\"2021-02-28T08:37:44+00:00\",\"dateModified\":\"2021-02-28T08:37:46+00:00\",\"mainEntityOfPage\":{\"@id\":\"https:\\\/\\\/almanimal.com\\\/curiosidades\\\/consecuencia-del-aumento-de-temperatura-global\\\/\"},\"wordCount\":1387,\"commentCount\":0,\"publisher\":{\"@id\":\"https:\\\/\\\/almanimal.com\\\/#organization\"},\"image\":{\"@id\":\"https:\\\/\\\/almanimal.com\\\/curiosidades\\\/consecuencia-del-aumento-de-temperatura-global\\\/#primaryimage\"},\"thumbnailUrl\":\"https:\\\/\\\/almanimal.com\\\/wp-content\\\/uploads\\\/2021\\\/02\\\/consecuencia-del-aumento-de-temperatura.jpg\",\"keywords\":[\"calentamiento global\",\"cambio clim\u00e1tico\",\"consecuencias\",\"curiosidades\",\"medioambiente\",\"tiburones\"],\"articleSection\":[\"Curiosidades\"],\"inLanguage\":\"fr-FR\",\"potentialAction\":[{\"@type\":\"CommentAction\",\"name\":\"Comment\",\"target\":[\"https:\\\/\\\/almanimal.com\\\/curiosidades\\\/consecuencia-del-aumento-de-temperatura-global\\\/#respond\"]}]},{\"@type\":\"WebPage\",\"@id\":\"https:\\\/\\\/almanimal.com\\\/curiosidades\\\/consecuencia-del-aumento-de-temperatura-global\\\/\",\"url\":\"https:\\\/\\\/almanimal.com\\\/curiosidades\\\/consecuencia-del-aumento-de-temperatura-global\\\/\",\"name\":\"La consecuencia del aumento de temperatura global para los tiburones\",\"isPartOf\":{\"@id\":\"https:\\\/\\\/almanimal.com\\\/#website\"},\"primaryImageOfPage\":{\"@id\":\"https:\\\/\\\/almanimal.com\\\/curiosidades\\\/consecuencia-del-aumento-de-temperatura-global\\\/#primaryimage\"},\"image\":{\"@id\":\"https:\\\/\\\/almanimal.com\\\/curiosidades\\\/consecuencia-del-aumento-de-temperatura-global\\\/#primaryimage\"},\"thumbnailUrl\":\"https:\\\/\\\/almanimal.com\\\/wp-content\\\/uploads\\\/2021\\\/02\\\/consecuencia-del-aumento-de-temperatura.jpg\",\"datePublished\":\"2021-02-28T08:37:44+00:00\",\"dateModified\":\"2021-02-28T08:37:46+00:00\",\"description\":\"El cambio clim\u00e1tico afecta a todo el planeta, una consecuencia del aumento de temperatura global se observa en los tiburones.\",\"breadcrumb\":{\"@id\":\"https:\\\/\\\/almanimal.com\\\/curiosidades\\\/consecuencia-del-aumento-de-temperatura-global\\\/#breadcrumb\"},\"inLanguage\":\"fr-FR\",\"potentialAction\":[{\"@type\":\"ReadAction\",\"target\":[\"https:\\\/\\\/almanimal.com\\\/curiosidades\\\/consecuencia-del-aumento-de-temperatura-global\\\/\"]}]},{\"@type\":\"ImageObject\",\"inLanguage\":\"fr-FR\",\"@id\":\"https:\\\/\\\/almanimal.com\\\/curiosidades\\\/consecuencia-del-aumento-de-temperatura-global\\\/#primaryimage\",\"url\":\"https:\\\/\\\/almanimal.com\\\/wp-content\\\/uploads\\\/2021\\\/02\\\/consecuencia-del-aumento-de-temperatura.jpg\",\"contentUrl\":\"https:\\\/\\\/almanimal.com\\\/wp-content\\\/uploads\\\/2021\\\/02\\\/consecuencia-del-aumento-de-temperatura.jpg\",\"width\":1200,\"height\":720,\"caption\":\"consecuencia del aumento de temperatura global\"},{\"@type\":\"BreadcrumbList\",\"@id\":\"https:\\\/\\\/almanimal.com\\\/curiosidades\\\/consecuencia-del-aumento-de-temperatura-global\\\/#breadcrumb\",\"itemListElement\":[{\"@type\":\"ListItem\",\"position\":1,\"name\":\"Inicio\",\"item\":\"https:\\\/\\\/almanimal.com\\\/\"},{\"@type\":\"ListItem\",\"position\":2,\"name\":\"Curiosidades\",\"item\":\"https:\\\/\\\/almanimal.com\\\/curiosidades\\\/\"},{\"@type\":\"ListItem\",\"position\":3,\"name\":\"La dr\u00e1stica consecuencia del aumento de temperatura global para los tiburones\"}]},{\"@type\":\"WebSite\",\"@id\":\"https:\\\/\\\/almanimal.com\\\/#website\",\"url\":\"https:\\\/\\\/almanimal.com\\\/\",\"name\":\"Almanimal\",\"description\":\"Revista de animales donde hablamos sobre perros, gatos, aves, peque\u00f1os mam\u00edferos, acuarios, terrarios y curiosidades del mundo animal.\",\"publisher\":{\"@id\":\"https:\\\/\\\/almanimal.com\\\/#organization\"},\"potentialAction\":[{\"@type\":\"SearchAction\",\"target\":{\"@type\":\"EntryPoint\",\"urlTemplate\":\"https:\\\/\\\/almanimal.com\\\/?s={search_term_string}\"},\"query-input\":{\"@type\":\"PropertyValueSpecification\",\"valueRequired\":true,\"valueName\":\"search_term_string\"}}],\"inLanguage\":\"fr-FR\"},{\"@type\":\"Organization\",\"@id\":\"https:\\\/\\\/almanimal.com\\\/#organization\",\"name\":\"Almanimal\",\"url\":\"https:\\\/\\\/almanimal.com\\\/\",\"logo\":{\"@type\":\"ImageObject\",\"inLanguage\":\"fr-FR\",\"@id\":\"https:\\\/\\\/almanimal.com\\\/#\\\/schema\\\/logo\\\/image\\\/\",\"url\":\"https:\\\/\\\/i2.wp.com\\\/almanimal.com\\\/wp-content\\\/uploads\\\/2019\\\/10\\\/almanimal_logo-nav-3.png?fit=400%2C100&ssl=1\",\"contentUrl\":\"https:\\\/\\\/i2.wp.com\\\/almanimal.com\\\/wp-content\\\/uploads\\\/2019\\\/10\\\/almanimal_logo-nav-3.png?fit=400%2C100&ssl=1\",\"width\":400,\"height\":100,\"caption\":\"Almanimal\"},\"image\":{\"@id\":\"https:\\\/\\\/almanimal.com\\\/#\\\/schema\\\/logo\\\/image\\\/\"},\"sameAs\":[\"https:\\\/\\\/www.facebook.com\\\/Lugarnia\\\/\",\"https:\\\/\\\/x.com\\\/lugarnia_\",\"https:\\\/\\\/www.instagram.com\\\/lugarnia\\\/\"]},{\"@type\":\"Person\",\"@id\":\"https:\\\/\\\/almanimal.com\\\/#\\\/schema\\\/person\\\/6ed186ff065669ae7edab360e747304d\",\"name\":\"Iv\u00e1n Fresneda\",\"image\":{\"@type\":\"ImageObject\",\"inLanguage\":\"fr-FR\",\"@id\":\"https:\\\/\\\/secure.gravatar.com\\\/avatar\\\/679537483addce5c0f78eeeee0668dd50e7ac9271515218de2d0dc202748741c?s=96&d=mm&r=g\",\"url\":\"https:\\\/\\\/secure.gravatar.com\\\/avatar\\\/679537483addce5c0f78eeeee0668dd50e7ac9271515218de2d0dc202748741c?s=96&d=mm&r=g\",\"contentUrl\":\"https:\\\/\\\/secure.gravatar.com\\\/avatar\\\/679537483addce5c0f78eeeee0668dd50e7ac9271515218de2d0dc202748741c?s=96&d=mm&r=g\",\"caption\":\"Iv\u00e1n Fresneda\"},\"url\":\"https:\\\/\\\/almanimal.com\\\/fr\\\/author\\\/ivanfc\\\/\"}]}<\/script>\n<!-- \/ Yoast SEO plugin. -->","yoast_head_json":{"title":"La consecuencia del aumento de temperatura global para los tiburones","description":"El cambio clim\u00e1tico afecta a todo el planeta, una consecuencia del aumento de temperatura global se observa en los tiburones.","robots":{"index":"index","follow":"follow","max-snippet":"max-snippet:-1","max-image-preview":"max-image-preview:large","max-video-preview":"max-video-preview:-1"},"canonical":"https:\/\/almanimal.com\/fr\/curiosites\/consequence-de-laugmentation-de-la-temperature-mondiale\/","og_locale":"fr_FR","og_type":"article","og_title":"La consecuencia del aumento de temperatura global para los tiburones","og_description":"El cambio clim\u00e1tico afecta a todo el planeta, una consecuencia del aumento de temperatura global se observa en los tiburones.","og_url":"https:\/\/almanimal.com\/fr\/curiosites\/consequence-de-laugmentation-de-la-temperature-mondiale\/","og_site_name":"Almanimal","article_publisher":"https:\/\/www.facebook.com\/Lugarnia\/","article_published_time":"2021-02-28T08:37:44+00:00","article_modified_time":"2021-02-28T08:37:46+00:00","og_image":[{"width":1200,"height":720,"url":"https:\/\/i2.wp.com\/almanimal.com\/wp-content\/uploads\/2021\/02\/consecuencia-del-aumento-de-temperatura.jpg?fit=1200%2C720&ssl=1","type":"image\/jpeg"}],"author":"Iv\u00e1n Fresneda","twitter_card":"summary_large_image","twitter_creator":"@lugarnia_","twitter_site":"@lugarnia_","twitter_misc":{"\u00c9crit par":"Iv\u00e1n Fresneda","Dur\u00e9e de lecture estim\u00e9e":"7 minutes"},"schema":{"@context":"https:\/\/schema.org","@graph":[{"@type":"Article","@id":"https:\/\/almanimal.com\/curiosidades\/consecuencia-del-aumento-de-temperatura-global\/#article","isPartOf":{"@id":"https:\/\/almanimal.com\/curiosidades\/consecuencia-del-aumento-de-temperatura-global\/"},"author":{"name":"Iv\u00e1n Fresneda","@id":"https:\/\/almanimal.com\/#\/schema\/person\/6ed186ff065669ae7edab360e747304d"},"headline":"La dr\u00e1stica consecuencia del aumento de temperatura global para los tiburones","datePublished":"2021-02-28T08:37:44+00:00","dateModified":"2021-02-28T08:37:46+00:00","mainEntityOfPage":{"@id":"https:\/\/almanimal.com\/curiosidades\/consecuencia-del-aumento-de-temperatura-global\/"},"wordCount":1387,"commentCount":0,"publisher":{"@id":"https:\/\/almanimal.com\/#organization"},"image":{"@id":"https:\/\/almanimal.com\/curiosidades\/consecuencia-del-aumento-de-temperatura-global\/#primaryimage"},"thumbnailUrl":"https:\/\/almanimal.com\/wp-content\/uploads\/2021\/02\/consecuencia-del-aumento-de-temperatura.jpg","keywords":["calentamiento global","cambio clim\u00e1tico","consecuencias","curiosidades","medioambiente","tiburones"],"articleSection":["Curiosidades"],"inLanguage":"fr-FR","potentialAction":[{"@type":"CommentAction","name":"Comment","target":["https:\/\/almanimal.com\/curiosidades\/consecuencia-del-aumento-de-temperatura-global\/#respond"]}]},{"@type":"WebPage","@id":"https:\/\/almanimal.com\/curiosidades\/consecuencia-del-aumento-de-temperatura-global\/","url":"https:\/\/almanimal.com\/curiosidades\/consecuencia-del-aumento-de-temperatura-global\/","name":"La consecuencia del aumento de temperatura global para los tiburones","isPartOf":{"@id":"https:\/\/almanimal.com\/#website"},"primaryImageOfPage":{"@id":"https:\/\/almanimal.com\/curiosidades\/consecuencia-del-aumento-de-temperatura-global\/#primaryimage"},"image":{"@id":"https:\/\/almanimal.com\/curiosidades\/consecuencia-del-aumento-de-temperatura-global\/#primaryimage"},"thumbnailUrl":"https:\/\/almanimal.com\/wp-content\/uploads\/2021\/02\/consecuencia-del-aumento-de-temperatura.jpg","datePublished":"2021-02-28T08:37:44+00:00","dateModified":"2021-02-28T08:37:46+00:00","description":"El cambio clim\u00e1tico afecta a todo el planeta, una consecuencia del aumento de temperatura global se observa en los tiburones.","breadcrumb":{"@id":"https:\/\/almanimal.com\/curiosidades\/consecuencia-del-aumento-de-temperatura-global\/#breadcrumb"},"inLanguage":"fr-FR","potentialAction":[{"@type":"ReadAction","target":["https:\/\/almanimal.com\/curiosidades\/consecuencia-del-aumento-de-temperatura-global\/"]}]},{"@type":"ImageObject","inLanguage":"fr-FR","@id":"https:\/\/almanimal.com\/curiosidades\/consecuencia-del-aumento-de-temperatura-global\/#primaryimage","url":"https:\/\/almanimal.com\/wp-content\/uploads\/2021\/02\/consecuencia-del-aumento-de-temperatura.jpg","contentUrl":"https:\/\/almanimal.com\/wp-content\/uploads\/2021\/02\/consecuencia-del-aumento-de-temperatura.jpg","width":1200,"height":720,"caption":"consecuencia del aumento de temperatura global"},{"@type":"BreadcrumbList","@id":"https:\/\/almanimal.com\/curiosidades\/consecuencia-del-aumento-de-temperatura-global\/#breadcrumb","itemListElement":[{"@type":"ListItem","position":1,"name":"Inicio","item":"https:\/\/almanimal.com\/"},{"@type":"ListItem","position":2,"name":"Curiosidades","item":"https:\/\/almanimal.com\/curiosidades\/"},{"@type":"ListItem","position":3,"name":"La dr\u00e1stica consecuencia del aumento de temperatura global para los tiburones"}]},{"@type":"WebSite","@id":"https:\/\/almanimal.com\/#website","url":"https:\/\/almanimal.com\/","name":"Almanimal","description":"Revista de animales donde hablamos sobre perros, gatos, aves, peque\u00f1os mam\u00edferos, acuarios, terrarios y curiosidades del mundo animal.","publisher":{"@id":"https:\/\/almanimal.com\/#organization"},"potentialAction":[{"@type":"SearchAction","target":{"@type":"EntryPoint","urlTemplate":"https:\/\/almanimal.com\/?s={search_term_string}"},"query-input":{"@type":"PropertyValueSpecification","valueRequired":true,"valueName":"search_term_string"}}],"inLanguage":"fr-FR"},{"@type":"Organization","@id":"https:\/\/almanimal.com\/#organization","name":"Almanimal","url":"https:\/\/almanimal.com\/","logo":{"@type":"ImageObject","inLanguage":"fr-FR","@id":"https:\/\/almanimal.com\/#\/schema\/logo\/image\/","url":"https:\/\/i2.wp.com\/almanimal.com\/wp-content\/uploads\/2019\/10\/almanimal_logo-nav-3.png?fit=400%2C100&ssl=1","contentUrl":"https:\/\/i2.wp.com\/almanimal.com\/wp-content\/uploads\/2019\/10\/almanimal_logo-nav-3.png?fit=400%2C100&ssl=1","width":400,"height":100,"caption":"Almanimal"},"image":{"@id":"https:\/\/almanimal.com\/#\/schema\/logo\/image\/"},"sameAs":["https:\/\/www.facebook.com\/Lugarnia\/","https:\/\/x.com\/lugarnia_","https:\/\/www.instagram.com\/lugarnia\/"]},{"@type":"Person","@id":"https:\/\/almanimal.com\/#\/schema\/person\/6ed186ff065669ae7edab360e747304d","name":"Iv\u00e1n Fresneda","image":{"@type":"ImageObject","inLanguage":"fr-FR","@id":"https:\/\/secure.gravatar.com\/avatar\/679537483addce5c0f78eeeee0668dd50e7ac9271515218de2d0dc202748741c?s=96&d=mm&r=g","url":"https:\/\/secure.gravatar.com\/avatar\/679537483addce5c0f78eeeee0668dd50e7ac9271515218de2d0dc202748741c?s=96&d=mm&r=g","contentUrl":"https:\/\/secure.gravatar.com\/avatar\/679537483addce5c0f78eeeee0668dd50e7ac9271515218de2d0dc202748741c?s=96&d=mm&r=g","caption":"Iv\u00e1n Fresneda"},"url":"https:\/\/almanimal.com\/fr\/author\/ivanfc\/"}]}},"_links":{"self":[{"href":"https:\/\/almanimal.com\/fr\/wp-json\/wp\/v2\/posts\/18754","targetHints":{"allow":["GET"]}}],"collection":[{"href":"https:\/\/almanimal.com\/fr\/wp-json\/wp\/v2\/posts"}],"about":[{"href":"https:\/\/almanimal.com\/fr\/wp-json\/wp\/v2\/types\/post"}],"author":[{"embeddable":true,"href":"https:\/\/almanimal.com\/fr\/wp-json\/wp\/v2\/users\/20"}],"replies":[{"embeddable":true,"href":"https:\/\/almanimal.com\/fr\/wp-json\/wp\/v2\/comments?post=18754"}],"version-history":[{"count":3,"href":"https:\/\/almanimal.com\/fr\/wp-json\/wp\/v2\/posts\/18754\/revisions"}],"predecessor-version":[{"id":18770,"href":"https:\/\/almanimal.com\/fr\/wp-json\/wp\/v2\/posts\/18754\/revisions\/18770"}],"wp:featuredmedia":[{"embeddable":true,"href":"https:\/\/almanimal.com\/fr\/wp-json\/wp\/v2\/media\/18755"}],"wp:attachment":[{"href":"https:\/\/almanimal.com\/fr\/wp-json\/wp\/v2\/media?parent=18754"}],"wp:term":[{"taxonomy":"category","embeddable":true,"href":"https:\/\/almanimal.com\/fr\/wp-json\/wp\/v2\/categories?post=18754"},{"taxonomy":"post_tag","embeddable":true,"href":"https:\/\/almanimal.com\/fr\/wp-json\/wp\/v2\/tags?post=18754"}],"curies":[{"name":"wp","href":"https:\/\/api.w.org\/{rel}","templated":true}]}}