{"id":19888,"date":"2021-05-28T15:19:18","date_gmt":"2021-05-28T13:19:18","guid":{"rendered":"https:\/\/almanimal.com\/?p=19888"},"modified":"2021-05-27T19:22:24","modified_gmt":"2021-05-27T17:22:24","slug":"les-chiens-sans-race","status":"publish","type":"post","link":"https:\/\/almanimal.com\/fr\/chiens\/les-chiens-sans-race\/","title":{"rendered":"Journ\u00e9e internationale des chiens de race"},"content":{"rendered":"<p>De plus en plus de personnes choisissent de vivre avec <strong>les chiens sans race<\/strong>Jusqu&#039;\u00e0 pr\u00e9sent, lors du choix d&#039;un animal de compagnie, beaucoup accordaient une grande importance \u00e0 ses g\u00e8nes et \u00e0 son apparence physique. Certes, beaucoup affirment encore que s&#039;ils ont un chien, il doit \u00eatre sp\u00e9cifique. Cependant, <strong>La sensibilit\u00e9 envers les animaux de races mixtes augmente<\/strong>Pour cette raison, il a \u00e9t\u00e9 d\u00e9cid\u00e9 de c\u00e9l\u00e9brer le <strong>Journ\u00e9e internationale des chiens de race mixte<\/strong>, cherchant \u00e0 encourager l&#039;adoption d&#039;\u00eatres qui, bien que d\u00e9pourvus de pedigree, m\u00e9ritent une seconde chance. La principale raison est le mode de vie qu&#039;ils m\u00e8nent depuis. <strong>La grande majorit\u00e9 a \u00e9t\u00e9 maltrait\u00e9e ou abandonn\u00e9e<\/strong>. <\/p>\n\n\n\n<p>Les refuges et les chenils sont souvent d\u00e9bord\u00e9s par le nombre d&#039;animaux qu&#039;ils accueillent. Ainsi, <strong>Pour parvenir \u00e0 un monde plus juste, il faudrait que les peuples, loin de promouvoir <a href=\"https:\/\/www.eleconomista.es\/flash-ecoley\/noticias\/10700741\/07\/20\/La-Real-Sociedad-Canina-denuncia-el-limbo-legal-de-los-criadores-amateurs-en-Espana.html\" target=\"_blank\" rel=\"noreferrer noopener\">\u00e9levage canin sans discernement<\/a>, opteront pour l&#039;adoption lorsqu&#039;il s&#039;agira de voir le nombre de membres de leur famille augmenter<\/strong>La race ne garantit rien, et il y a des gens qui m\u00e9ritent de trouver une famille qui les aime et leur donne la chaleur qu&#039;ils n&#039;ont jamais trouv\u00e9e. <\/p>\n\n\n\n<h2 class=\"wp-block-heading\">Pourquoi c\u00e9l\u00e9brer la Journ\u00e9e internationale du chien de race mixte ?<\/h2>\n\n\n\n<p>Oui, nous aimons tous nous vanter d\u2019un chien spectaculaire qui a un caract\u00e8re comme celui d\u00e9crit dans les manuels sp\u00e9cialis\u00e9s sur ce sujet. <a href=\"https:\/\/almanimal.com\/fr\/races-de-chiens\/decouvrez-quel-type-de-chien-vous-convient\/\">type d&#039;animaux<\/a>: <strong>loyal, aimant, fort et courageux<\/strong>. Cependant, la vraie vie est une autre histoire. Il n&#039;existe pas d&#039;\u00eatres parfaits dans le monde o\u00f9 nous vivons. De plus, <strong>Nous devons aimer l\u2019imperfection qui caract\u00e9rise chacun des animaux que nous pouvons rencontrer.<\/strong>Tous les chiens, quelle que soit leur race, sont magnifiques. Par cons\u00e9quent, lorsque nous choisissons l&#039;un ou l&#039;autre, nous devons penser \u00e0 sauver une vie. Cela signifie <strong>donner une chance aux plus vuln\u00e9rables<\/strong>.<\/p>\n\n\n\n<div class=\"wp-block-image\"><figure class=\"aligncenter size-large\"><img fetchpriority=\"high\" decoding=\"async\" width=\"1000\" height=\"618\" src=\"https:\/\/almanimal.com\/wp-content\/uploads\/2021\/05\/perro_sin_raza-1000x618.jpg\" alt=\"les chiens sans race\" class=\"wp-image-19891\" srcset=\"https:\/\/almanimal.com\/wp-content\/uploads\/2021\/05\/perro_sin_raza-1000x618.jpg 1000w, https:\/\/almanimal.com\/wp-content\/uploads\/2021\/05\/perro_sin_raza-300x185.jpg 300w, https:\/\/almanimal.com\/wp-content\/uploads\/2021\/05\/perro_sin_raza-768x474.jpg 768w, https:\/\/almanimal.com\/wp-content\/uploads\/2021\/05\/perro_sin_raza.jpg 1200w\" sizes=\"(max-width: 1000px) 100vw, 1000px\" \/><\/figure><\/div>\n\n\n\n<h3 class=\"wp-block-heading\">Un chien sans race<\/h3>\n\n\n\n<p>Quand on parle de <strong>les chiens sans race<\/strong>Il s&#039;agit de chiens authentiques, qui n&#039;ont pas des centaines de jumeaux dans d&#039;autres parties du monde. On peut donc dire qu&#039;il s&#039;agit d&#039;une cr\u00e9ature unique, avec une belle histoire \u00e0 raconter. C&#039;est un moment curieux quand on annonce \u00e0 quelqu&#039;un qu&#039;on a un chien et qu&#039;il nous demande quelle est sa race. <strong>Lorsque vous avez un chien de race mixte, vous le dites avec fiert\u00e9 car vous \u00eates conscient de tout ce qui se cache derri\u00e8re et de ce que cela dit de vous.<\/strong>. <\/p>\n\n\n\n<h3 class=\"wp-block-heading\" id=\"m116-115-117\">Un chien avec un pass\u00e9 intense<\/h3>\n\n\n\n<p id=\"m121-120-122\">D'autre part, <strong>Il est tr\u00e8s courant que les chiens de race mixte que nous voyons dans les refuges et les chenils aient un pass\u00e9 dans lequel les abus et l&#039;abandon ont \u00e9t\u00e9 les protagonistes.<\/strong>C&#039;est pourquoi il est encore plus pr\u00e9cieux de leur ouvrir les portes de notre maison. Savoir que gr\u00e2ce \u00e0 nous, un chien sera heureux et recevra l&#039;affection qu&#039;il m\u00e9rite doit nous faire tr\u00e8s plaisir. C&#039;est une partie de nous qui fait preuve d&#039;une grande sensibilit\u00e9, qui compatit avec ceux qui traversent des moments difficiles et qui n&#039;a aucun pr\u00e9jug\u00e9 face aux autres. <strong>comprendre la situation d&#039;un chien avec ces caract\u00e9ristiques<\/strong>.<\/p>\n\n\n\n<h3 class=\"wp-block-heading\" id=\"m126-125-127\">Un \u00eatre plein de gratitude<\/h3>\n\n\n\n<p>Lorsqu&#039;un chien a travers\u00e9 une mauvaise passe et que quelqu&#039;un lui tend la main pour lui donner une seconde chance, il le fera sans aucun doute. <strong>Il saura \u00eatre reconnaissant envers sa nouvelle famille<\/strong>Il saura que tout ce qu&#039;il vit \u00e0 partir de ce moment-l\u00e0 est gr\u00e2ce \u00e0 ses nouveaux propri\u00e9taires, et il saisira chaque occasion pour leur faire savoir \u00e0 quel point il est heureux qu&#039;ils l&#039;aient choisi. <\/p>\n\n\n\n<div class=\"wp-block-image\"><figure class=\"aligncenter size-large\"><img decoding=\"async\" width=\"1000\" height=\"600\" src=\"https:\/\/almanimal.com\/wp-content\/uploads\/2021\/05\/perro-mestizo-1000x600.jpg\" alt=\"les chiens sans race\" class=\"wp-image-19892\" srcset=\"https:\/\/almanimal.com\/wp-content\/uploads\/2021\/05\/perro-mestizo-1000x600.jpg 1000w, https:\/\/almanimal.com\/wp-content\/uploads\/2021\/05\/perro-mestizo-300x180.jpg 300w, https:\/\/almanimal.com\/wp-content\/uploads\/2021\/05\/perro-mestizo-768x461.jpg 768w, https:\/\/almanimal.com\/wp-content\/uploads\/2021\/05\/perro-mestizo.jpg 1240w\" sizes=\"(max-width: 1000px) 100vw, 1000px\" \/><\/figure><\/div>\n\n\n\n<h2 class=\"wp-block-heading\">Les chiens de race mixte ont \u00e9galement des besoins<\/h2>\n\n\n\n<p>Or, l\u2019un des sujets que les refuges pour animaux ne cessent de r\u00e9p\u00e9ter est que <strong>Les chiens de race mixte ont \u00e9galement des besoins<\/strong>Certains disent que ces cr\u00e9atures sont beaucoup plus r\u00e9sistantes car elles ont plusieurs types de prog\u00e9niture. Cependant, elles tombent aussi malades et doivent \u00eatre emmen\u00e9es chez le v\u00e9t\u00e9rinaire. Ainsi, m\u00eame si vous n&#039;avez pas \u00e0 d\u00e9bourser beaucoup d&#039;argent chez le v\u00e9t\u00e9rinaire, <strong>adopter un chien de race mixte<\/strong>Oui, il faut y consacrer constamment de l&#039;argent. La raison est que <strong>C&#039;est un \u00eatre vivant \u00e0 qui il faut offrir tout ce dont il a besoin pour qu&#039;au moins ses besoins fondamentaux soient satisfaits.<\/strong>.<\/p>\n\n\n\n<p>De cette fa\u00e7on, <strong>Vous devez lui offrir une bonne portion d&#039;aliment de qualit\u00e9 chaque jour<\/strong>C&#039;est le seul moyen de le garder en bonne sant\u00e9 et fort pour toujours. De plus, <strong>Vous aurez besoin de certains ustensiles, comme un bol de nourriture, un bol d\u2019eau ou un lit pour dormir.<\/strong>. De m\u00eame, des articles tels que <strong>la laisse, un manteau ou un collier<\/strong> Ils sont \u00e9galement essentiels lorsque l&#039;on d\u00e9cide d&#039;adopter un chien. D&#039;un autre c\u00f4t\u00e9, <strong>Les visites chez le v\u00e9t\u00e9rinaire doivent \u00eatre r\u00e9guli\u00e8res<\/strong>, du moins ceux qui n\u00e9cessitent des vaccinations obligatoires. Il faut cependant garder \u00e0 l&#039;esprit que l&#039;animal peut tomber malade en mangeant un aliment qui lui a d\u00e9rang\u00e9 l&#039;estomac, en se blessant \u00e0 la patte ou en attrapant un rhume. <\/p>\n\n\n\n<p>Avec tout ce qui pr\u00e9c\u00e8de, nous voulons dire que lorsque vous d\u00e9cidez <strong>adopter un chien de race mixte <\/strong>Nous devons le faire avec la m\u00eame responsabilit\u00e9 que lors de l&#039;achat d&#039;un chien de race. Autrement dit, <strong>Il faut savoir que l&#039;on l&#039;aime vraiment, qu&#039;il vit g\u00e9n\u00e9ralement quinze ans et que pendant tout ce temps l&#039;animal sera sous notre responsabilit\u00e9.<\/strong>De cette fa\u00e7on, peu importe ce dont le chien a besoin, nous devons le lui fournir.<\/p>\n\n\n\n<div class=\"wp-block-image\"><figure class=\"aligncenter size-large\"><img decoding=\"async\" width=\"1000\" height=\"563\" src=\"https:\/\/almanimal.com\/wp-content\/uploads\/2021\/05\/perros-mestizos-1000x563.jpg\" alt=\"les chiens sans race\" class=\"wp-image-19893\" srcset=\"https:\/\/almanimal.com\/wp-content\/uploads\/2021\/05\/perros-mestizos-1000x563.jpg 1000w, https:\/\/almanimal.com\/wp-content\/uploads\/2021\/05\/perros-mestizos-300x169.jpg 300w, https:\/\/almanimal.com\/wp-content\/uploads\/2021\/05\/perros-mestizos-768x432.jpg 768w, https:\/\/almanimal.com\/wp-content\/uploads\/2021\/05\/perros-mestizos-1536x864.jpg 1536w, https:\/\/almanimal.com\/wp-content\/uploads\/2021\/05\/perros-mestizos.jpg 1920w\" sizes=\"(max-width: 1000px) 100vw, 1000px\" \/><\/figure><\/div>\n\n\n\n<h2 class=\"wp-block-heading\">Histoires de chiens crois\u00e9s adopt\u00e9s<\/h2>\n\n\n\n<p>Il y en a beaucoup <strong>Histoires que nous pouvons trouver sur les chiens de race mixte qui ont \u00e9t\u00e9 adopt\u00e9s<\/strong>Ci-dessous, nous en d\u00e9crivons quelques-uns afin que vous puissiez comprendre l\u2019importance des secondes chances.<\/p>\n\n\n\n<h3 class=\"wp-block-heading\">Frodon<\/h3>\n\n\n\n<p><strong>Frodon<\/strong> Il n&#039;\u00e9tait qu&#039;un chiot lorsque ses sauveteurs l&#039;ont trouv\u00e9 errant dans les rues de Croatie en 2018. Ils l&#039;ont nomm\u00e9 ainsi parce que son apparence physique, \u00e0 cette \u00e9poque, effrayait tous ceux qu&#039;il rencontrait en raison de <strong>une infection qu&#039;il avait aux yeux<\/strong>Son corps \u00e9tait \u00e9galement couvert de puces et de tiques. Il \u00e9tait au bord de la famine. Mais ce jour-l\u00e0, il eut la chance de rencontrer des gens qui mettaient de c\u00f4t\u00e9 tous les pr\u00e9jug\u00e9s. Ainsi, <strong>Ils ont sauv\u00e9 la vie de ce chien qui n&#039;avait besoin que d&#039;une seconde chance.<\/strong>.<\/p>\n\n\n\n<h3 class=\"wp-block-heading\">Beaux Tox<\/h3>\n\n\n\n<p><strong>Beaux Tox<\/strong> C&#039;est un labrador n\u00e9 avec un visage d\u00e9form\u00e9, car ses fr\u00e8res l&#039;ont \u00e9cras\u00e9 dans le ventre de sa m\u00e8re. Il a eu de la malchance et s&#039;est retrouv\u00e9 entre les mains d&#039;un homme qui l&#039;a maltrait\u00e9 pendant plus de cinq ans. Tout cela jusqu&#039;\u00e0 ce qu&#039;il perde connaissance. <strong>Un refuge a d\u00e9couvert sa situation et n&#039;a cess\u00e9 de se battre jusqu&#039;\u00e0 ce que l&#039;homme soit charg\u00e9 de l&#039;animal.<\/strong>Trouver un adoptant \u00e9tait d\u00e9sormais difficile en raison de son apparence physique. <\/p>\n\n\n\n<p>Cependant, <strong>Une femme a d\u00e9cid\u00e9 de tenter sa chance en raison de son exp\u00e9rience de vie<\/strong>Elle avait grandi dans une famille d&#039;accueil et savait ce que c&#039;\u00e9tait que de se sentir seule. Alors, <strong>Son empathie a rendu Beaux Tox heureux.<\/strong>Malgr\u00e9 de nombreux probl\u00e8mes de sant\u00e9, il s&#039;est parfaitement adapt\u00e9 \u00e0 son nouveau foyer et est extr\u00eamement reconnaissant du changement dans sa vie.<\/p>\n\n\n\n<h3 class=\"wp-block-heading\">P\u00e9tra<\/h3>\n\n\n\n<p><strong>P\u00e9tra<\/strong> C&#039;\u00e9tait une chienne abandonn\u00e9e qui marchait dans les rues de Gr\u00e8ce lorsque son sauveteur s&#039;est senti d\u00e9sol\u00e9 pour sa situation. <strong>Il avait tellement de gale qu&#039;il ne ressemblait m\u00eame pas \u00e0 un vrai chien.<\/strong>De plus, elle avait tant souffert qu&#039;elle ne faisait plus confiance aux gens. Cependant, la patience de son nouveau ma\u00eetre l&#039;a transform\u00e9e en une personne compl\u00e8tement diff\u00e9rente et, surtout, heureuse.<\/p>","protected":false},"excerpt":{"rendered":"<p>Savez-vous quand est c\u00e9l\u00e9br\u00e9e la Journ\u00e9e internationale des chiens sans race ? C'est une journ\u00e9e tr\u00e8s sp\u00e9ciale pour d\u00e9fendre les plus faibles des faibles.<\/p>","protected":false},"author":20,"featured_media":19890,"comment_status":"open","ping_status":"open","sticky":false,"template":"","format":"standard","meta":{"footnotes":""},"categories":[9],"tags":[2693,1470,2288,2298],"class_list":["post-19888","post","type-post","status-publish","format-standard","has-post-thumbnail","hentry","category-perros","tag-dia-internacional-perros-sin-raza","tag-perros","tag-perros-mestizos","tag-perros-sin-raza"],"yoast_head":"<!-- This site is optimized with the Yoast SEO plugin v27.4 - https:\/\/yoast.com\/product\/yoast-seo-wordpress\/ -->\n<title>D\u00eda internacional de los perros sin raza<\/title>\n<meta name=\"description\" content=\"\u00bfSabes cu\u00e1ndo se celebra el D\u00eda Internacional de los perros sin raza? Se trata de una jornada muy especial que defiende a los m\u00e1s d\u00e9biles.\" \/>\n<meta name=\"robots\" content=\"index, follow, max-snippet:-1, max-image-preview:large, max-video-preview:-1\" \/>\n<link rel=\"canonical\" href=\"https:\/\/almanimal.com\/fr\/chiens\/les-chiens-sans-race\/\" \/>\n<meta property=\"og:locale\" content=\"fr_FR\" \/>\n<meta property=\"og:type\" content=\"article\" \/>\n<meta property=\"og:title\" content=\"D\u00eda internacional de los perros sin raza\" \/>\n<meta property=\"og:description\" content=\"\u00bfSabes cu\u00e1ndo se celebra el D\u00eda Internacional de los perros sin raza? Se trata de una jornada muy especial que defiende a los m\u00e1s d\u00e9biles.\" \/>\n<meta property=\"og:url\" content=\"https:\/\/almanimal.com\/fr\/chiens\/les-chiens-sans-race\/\" \/>\n<meta property=\"og:site_name\" content=\"Almanimal\" \/>\n<meta property=\"article:publisher\" content=\"https:\/\/www.facebook.com\/Lugarnia\/\" \/>\n<meta property=\"article:published_time\" content=\"2021-05-28T13:19:18+00:00\" \/>\n<meta property=\"og:image\" content=\"https:\/\/i0.wp.com\/almanimal.com\/wp-content\/uploads\/2021\/05\/perros-sin-raza.jpg.jpg?fit=1200%2C800&ssl=1\" \/>\n\t<meta property=\"og:image:width\" content=\"1200\" \/>\n\t<meta property=\"og:image:height\" content=\"800\" \/>\n\t<meta property=\"og:image:type\" content=\"image\/jpeg\" \/>\n<meta name=\"author\" content=\"Iv\u00e1n Fresneda\" \/>\n<meta name=\"twitter:card\" content=\"summary_large_image\" \/>\n<meta name=\"twitter:creator\" content=\"@lugarnia_\" \/>\n<meta name=\"twitter:site\" content=\"@lugarnia_\" \/>\n<meta name=\"twitter:label1\" content=\"\u00c9crit par\" \/>\n\t<meta name=\"twitter:data1\" content=\"Iv\u00e1n Fresneda\" \/>\n\t<meta name=\"twitter:label2\" content=\"Dur\u00e9e de lecture estim\u00e9e\" \/>\n\t<meta name=\"twitter:data2\" content=\"7 minutes\" \/>\n<script type=\"application\/ld+json\" class=\"yoast-schema-graph\">{\"@context\":\"https:\\\/\\\/schema.org\",\"@graph\":[{\"@type\":\"Article\",\"@id\":\"https:\\\/\\\/almanimal.com\\\/perros\\\/perros-sin-raza\\\/#article\",\"isPartOf\":{\"@id\":\"https:\\\/\\\/almanimal.com\\\/perros\\\/perros-sin-raza\\\/\"},\"author\":{\"name\":\"Iv\u00e1n Fresneda\",\"@id\":\"https:\\\/\\\/almanimal.com\\\/#\\\/schema\\\/person\\\/6ed186ff065669ae7edab360e747304d\"},\"headline\":\"D\u00eda internacional de los perros sin raza\",\"datePublished\":\"2021-05-28T13:19:18+00:00\",\"mainEntityOfPage\":{\"@id\":\"https:\\\/\\\/almanimal.com\\\/perros\\\/perros-sin-raza\\\/\"},\"wordCount\":1329,\"commentCount\":0,\"publisher\":{\"@id\":\"https:\\\/\\\/almanimal.com\\\/#organization\"},\"image\":{\"@id\":\"https:\\\/\\\/almanimal.com\\\/perros\\\/perros-sin-raza\\\/#primaryimage\"},\"thumbnailUrl\":\"https:\\\/\\\/almanimal.com\\\/wp-content\\\/uploads\\\/2021\\\/05\\\/perros-sin-raza.jpg.jpg\",\"keywords\":[\"d\u00eda internacional perros sin raza\",\"perros\",\"perros mestizos\",\"perros sin raza\"],\"articleSection\":[\"Perros\"],\"inLanguage\":\"fr-FR\",\"potentialAction\":[{\"@type\":\"CommentAction\",\"name\":\"Comment\",\"target\":[\"https:\\\/\\\/almanimal.com\\\/perros\\\/perros-sin-raza\\\/#respond\"]}]},{\"@type\":\"WebPage\",\"@id\":\"https:\\\/\\\/almanimal.com\\\/perros\\\/perros-sin-raza\\\/\",\"url\":\"https:\\\/\\\/almanimal.com\\\/perros\\\/perros-sin-raza\\\/\",\"name\":\"D\u00eda internacional de los perros sin raza\",\"isPartOf\":{\"@id\":\"https:\\\/\\\/almanimal.com\\\/#website\"},\"primaryImageOfPage\":{\"@id\":\"https:\\\/\\\/almanimal.com\\\/perros\\\/perros-sin-raza\\\/#primaryimage\"},\"image\":{\"@id\":\"https:\\\/\\\/almanimal.com\\\/perros\\\/perros-sin-raza\\\/#primaryimage\"},\"thumbnailUrl\":\"https:\\\/\\\/almanimal.com\\\/wp-content\\\/uploads\\\/2021\\\/05\\\/perros-sin-raza.jpg.jpg\",\"datePublished\":\"2021-05-28T13:19:18+00:00\",\"description\":\"\u00bfSabes cu\u00e1ndo se celebra el D\u00eda Internacional de los perros sin raza? Se trata de una jornada muy especial que defiende a los m\u00e1s d\u00e9biles.\",\"breadcrumb\":{\"@id\":\"https:\\\/\\\/almanimal.com\\\/perros\\\/perros-sin-raza\\\/#breadcrumb\"},\"inLanguage\":\"fr-FR\",\"potentialAction\":[{\"@type\":\"ReadAction\",\"target\":[\"https:\\\/\\\/almanimal.com\\\/perros\\\/perros-sin-raza\\\/\"]}]},{\"@type\":\"ImageObject\",\"inLanguage\":\"fr-FR\",\"@id\":\"https:\\\/\\\/almanimal.com\\\/perros\\\/perros-sin-raza\\\/#primaryimage\",\"url\":\"https:\\\/\\\/almanimal.com\\\/wp-content\\\/uploads\\\/2021\\\/05\\\/perros-sin-raza.jpg.jpg\",\"contentUrl\":\"https:\\\/\\\/almanimal.com\\\/wp-content\\\/uploads\\\/2021\\\/05\\\/perros-sin-raza.jpg.jpg\",\"width\":1200,\"height\":800,\"caption\":\"perros sin raza\"},{\"@type\":\"BreadcrumbList\",\"@id\":\"https:\\\/\\\/almanimal.com\\\/perros\\\/perros-sin-raza\\\/#breadcrumb\",\"itemListElement\":[{\"@type\":\"ListItem\",\"position\":1,\"name\":\"Inicio\",\"item\":\"https:\\\/\\\/almanimal.com\\\/\"},{\"@type\":\"ListItem\",\"position\":2,\"name\":\"Perros\",\"item\":\"https:\\\/\\\/almanimal.com\\\/perros\\\/\"},{\"@type\":\"ListItem\",\"position\":3,\"name\":\"D\u00eda internacional de los perros sin raza\"}]},{\"@type\":\"WebSite\",\"@id\":\"https:\\\/\\\/almanimal.com\\\/#website\",\"url\":\"https:\\\/\\\/almanimal.com\\\/\",\"name\":\"Almanimal\",\"description\":\"Revista de animales donde hablamos sobre perros, gatos, aves, peque\u00f1os mam\u00edferos, acuarios, terrarios y curiosidades del mundo animal.\",\"publisher\":{\"@id\":\"https:\\\/\\\/almanimal.com\\\/#organization\"},\"potentialAction\":[{\"@type\":\"SearchAction\",\"target\":{\"@type\":\"EntryPoint\",\"urlTemplate\":\"https:\\\/\\\/almanimal.com\\\/?s={search_term_string}\"},\"query-input\":{\"@type\":\"PropertyValueSpecification\",\"valueRequired\":true,\"valueName\":\"search_term_string\"}}],\"inLanguage\":\"fr-FR\"},{\"@type\":\"Organization\",\"@id\":\"https:\\\/\\\/almanimal.com\\\/#organization\",\"name\":\"Almanimal\",\"url\":\"https:\\\/\\\/almanimal.com\\\/\",\"logo\":{\"@type\":\"ImageObject\",\"inLanguage\":\"fr-FR\",\"@id\":\"https:\\\/\\\/almanimal.com\\\/#\\\/schema\\\/logo\\\/image\\\/\",\"url\":\"https:\\\/\\\/i2.wp.com\\\/almanimal.com\\\/wp-content\\\/uploads\\\/2019\\\/10\\\/almanimal_logo-nav-3.png?fit=400%2C100&ssl=1\",\"contentUrl\":\"https:\\\/\\\/i2.wp.com\\\/almanimal.com\\\/wp-content\\\/uploads\\\/2019\\\/10\\\/almanimal_logo-nav-3.png?fit=400%2C100&ssl=1\",\"width\":400,\"height\":100,\"caption\":\"Almanimal\"},\"image\":{\"@id\":\"https:\\\/\\\/almanimal.com\\\/#\\\/schema\\\/logo\\\/image\\\/\"},\"sameAs\":[\"https:\\\/\\\/www.facebook.com\\\/Lugarnia\\\/\",\"https:\\\/\\\/x.com\\\/lugarnia_\",\"https:\\\/\\\/www.instagram.com\\\/lugarnia\\\/\"]},{\"@type\":\"Person\",\"@id\":\"https:\\\/\\\/almanimal.com\\\/#\\\/schema\\\/person\\\/6ed186ff065669ae7edab360e747304d\",\"name\":\"Iv\u00e1n Fresneda\",\"image\":{\"@type\":\"ImageObject\",\"inLanguage\":\"fr-FR\",\"@id\":\"https:\\\/\\\/secure.gravatar.com\\\/avatar\\\/679537483addce5c0f78eeeee0668dd50e7ac9271515218de2d0dc202748741c?s=96&d=mm&r=g\",\"url\":\"https:\\\/\\\/secure.gravatar.com\\\/avatar\\\/679537483addce5c0f78eeeee0668dd50e7ac9271515218de2d0dc202748741c?s=96&d=mm&r=g\",\"contentUrl\":\"https:\\\/\\\/secure.gravatar.com\\\/avatar\\\/679537483addce5c0f78eeeee0668dd50e7ac9271515218de2d0dc202748741c?s=96&d=mm&r=g\",\"caption\":\"Iv\u00e1n Fresneda\"},\"url\":\"https:\\\/\\\/almanimal.com\\\/fr\\\/author\\\/ivanfc\\\/\"}]}<\/script>\n<!-- \/ Yoast SEO plugin. -->","yoast_head_json":{"title":"D\u00eda internacional de los perros sin raza","description":"\u00bfSabes cu\u00e1ndo se celebra el D\u00eda Internacional de los perros sin raza? Se trata de una jornada muy especial que defiende a los m\u00e1s d\u00e9biles.","robots":{"index":"index","follow":"follow","max-snippet":"max-snippet:-1","max-image-preview":"max-image-preview:large","max-video-preview":"max-video-preview:-1"},"canonical":"https:\/\/almanimal.com\/fr\/chiens\/les-chiens-sans-race\/","og_locale":"fr_FR","og_type":"article","og_title":"D\u00eda internacional de los perros sin raza","og_description":"\u00bfSabes cu\u00e1ndo se celebra el D\u00eda Internacional de los perros sin raza? Se trata de una jornada muy especial que defiende a los m\u00e1s d\u00e9biles.","og_url":"https:\/\/almanimal.com\/fr\/chiens\/les-chiens-sans-race\/","og_site_name":"Almanimal","article_publisher":"https:\/\/www.facebook.com\/Lugarnia\/","article_published_time":"2021-05-28T13:19:18+00:00","og_image":[{"width":1200,"height":800,"url":"https:\/\/i0.wp.com\/almanimal.com\/wp-content\/uploads\/2021\/05\/perros-sin-raza.jpg.jpg?fit=1200%2C800&ssl=1","type":"image\/jpeg"}],"author":"Iv\u00e1n Fresneda","twitter_card":"summary_large_image","twitter_creator":"@lugarnia_","twitter_site":"@lugarnia_","twitter_misc":{"\u00c9crit par":"Iv\u00e1n Fresneda","Dur\u00e9e de lecture estim\u00e9e":"7 minutes"},"schema":{"@context":"https:\/\/schema.org","@graph":[{"@type":"Article","@id":"https:\/\/almanimal.com\/perros\/perros-sin-raza\/#article","isPartOf":{"@id":"https:\/\/almanimal.com\/perros\/perros-sin-raza\/"},"author":{"name":"Iv\u00e1n Fresneda","@id":"https:\/\/almanimal.com\/#\/schema\/person\/6ed186ff065669ae7edab360e747304d"},"headline":"D\u00eda internacional de los perros sin raza","datePublished":"2021-05-28T13:19:18+00:00","mainEntityOfPage":{"@id":"https:\/\/almanimal.com\/perros\/perros-sin-raza\/"},"wordCount":1329,"commentCount":0,"publisher":{"@id":"https:\/\/almanimal.com\/#organization"},"image":{"@id":"https:\/\/almanimal.com\/perros\/perros-sin-raza\/#primaryimage"},"thumbnailUrl":"https:\/\/almanimal.com\/wp-content\/uploads\/2021\/05\/perros-sin-raza.jpg.jpg","keywords":["d\u00eda internacional perros sin raza","perros","perros mestizos","perros sin raza"],"articleSection":["Perros"],"inLanguage":"fr-FR","potentialAction":[{"@type":"CommentAction","name":"Comment","target":["https:\/\/almanimal.com\/perros\/perros-sin-raza\/#respond"]}]},{"@type":"WebPage","@id":"https:\/\/almanimal.com\/perros\/perros-sin-raza\/","url":"https:\/\/almanimal.com\/perros\/perros-sin-raza\/","name":"D\u00eda internacional de los perros sin raza","isPartOf":{"@id":"https:\/\/almanimal.com\/#website"},"primaryImageOfPage":{"@id":"https:\/\/almanimal.com\/perros\/perros-sin-raza\/#primaryimage"},"image":{"@id":"https:\/\/almanimal.com\/perros\/perros-sin-raza\/#primaryimage"},"thumbnailUrl":"https:\/\/almanimal.com\/wp-content\/uploads\/2021\/05\/perros-sin-raza.jpg.jpg","datePublished":"2021-05-28T13:19:18+00:00","description":"\u00bfSabes cu\u00e1ndo se celebra el D\u00eda Internacional de los perros sin raza? Se trata de una jornada muy especial que defiende a los m\u00e1s d\u00e9biles.","breadcrumb":{"@id":"https:\/\/almanimal.com\/perros\/perros-sin-raza\/#breadcrumb"},"inLanguage":"fr-FR","potentialAction":[{"@type":"ReadAction","target":["https:\/\/almanimal.com\/perros\/perros-sin-raza\/"]}]},{"@type":"ImageObject","inLanguage":"fr-FR","@id":"https:\/\/almanimal.com\/perros\/perros-sin-raza\/#primaryimage","url":"https:\/\/almanimal.com\/wp-content\/uploads\/2021\/05\/perros-sin-raza.jpg.jpg","contentUrl":"https:\/\/almanimal.com\/wp-content\/uploads\/2021\/05\/perros-sin-raza.jpg.jpg","width":1200,"height":800,"caption":"perros sin raza"},{"@type":"BreadcrumbList","@id":"https:\/\/almanimal.com\/perros\/perros-sin-raza\/#breadcrumb","itemListElement":[{"@type":"ListItem","position":1,"name":"Inicio","item":"https:\/\/almanimal.com\/"},{"@type":"ListItem","position":2,"name":"Perros","item":"https:\/\/almanimal.com\/perros\/"},{"@type":"ListItem","position":3,"name":"D\u00eda internacional de los perros sin raza"}]},{"@type":"WebSite","@id":"https:\/\/almanimal.com\/#website","url":"https:\/\/almanimal.com\/","name":"Almanimal","description":"Revista de animales donde hablamos sobre perros, gatos, aves, peque\u00f1os mam\u00edferos, acuarios, terrarios y curiosidades del mundo animal.","publisher":{"@id":"https:\/\/almanimal.com\/#organization"},"potentialAction":[{"@type":"SearchAction","target":{"@type":"EntryPoint","urlTemplate":"https:\/\/almanimal.com\/?s={search_term_string}"},"query-input":{"@type":"PropertyValueSpecification","valueRequired":true,"valueName":"search_term_string"}}],"inLanguage":"fr-FR"},{"@type":"Organization","@id":"https:\/\/almanimal.com\/#organization","name":"Almanimal","url":"https:\/\/almanimal.com\/","logo":{"@type":"ImageObject","inLanguage":"fr-FR","@id":"https:\/\/almanimal.com\/#\/schema\/logo\/image\/","url":"https:\/\/i2.wp.com\/almanimal.com\/wp-content\/uploads\/2019\/10\/almanimal_logo-nav-3.png?fit=400%2C100&ssl=1","contentUrl":"https:\/\/i2.wp.com\/almanimal.com\/wp-content\/uploads\/2019\/10\/almanimal_logo-nav-3.png?fit=400%2C100&ssl=1","width":400,"height":100,"caption":"Almanimal"},"image":{"@id":"https:\/\/almanimal.com\/#\/schema\/logo\/image\/"},"sameAs":["https:\/\/www.facebook.com\/Lugarnia\/","https:\/\/x.com\/lugarnia_","https:\/\/www.instagram.com\/lugarnia\/"]},{"@type":"Person","@id":"https:\/\/almanimal.com\/#\/schema\/person\/6ed186ff065669ae7edab360e747304d","name":"Iv\u00e1n Fresneda","image":{"@type":"ImageObject","inLanguage":"fr-FR","@id":"https:\/\/secure.gravatar.com\/avatar\/679537483addce5c0f78eeeee0668dd50e7ac9271515218de2d0dc202748741c?s=96&d=mm&r=g","url":"https:\/\/secure.gravatar.com\/avatar\/679537483addce5c0f78eeeee0668dd50e7ac9271515218de2d0dc202748741c?s=96&d=mm&r=g","contentUrl":"https:\/\/secure.gravatar.com\/avatar\/679537483addce5c0f78eeeee0668dd50e7ac9271515218de2d0dc202748741c?s=96&d=mm&r=g","caption":"Iv\u00e1n Fresneda"},"url":"https:\/\/almanimal.com\/fr\/author\/ivanfc\/"}]}},"_links":{"self":[{"href":"https:\/\/almanimal.com\/fr\/wp-json\/wp\/v2\/posts\/19888","targetHints":{"allow":["GET"]}}],"collection":[{"href":"https:\/\/almanimal.com\/fr\/wp-json\/wp\/v2\/posts"}],"about":[{"href":"https:\/\/almanimal.com\/fr\/wp-json\/wp\/v2\/types\/post"}],"author":[{"embeddable":true,"href":"https:\/\/almanimal.com\/fr\/wp-json\/wp\/v2\/users\/20"}],"replies":[{"embeddable":true,"href":"https:\/\/almanimal.com\/fr\/wp-json\/wp\/v2\/comments?post=19888"}],"version-history":[{"count":5,"href":"https:\/\/almanimal.com\/fr\/wp-json\/wp\/v2\/posts\/19888\/revisions"}],"predecessor-version":[{"id":19969,"href":"https:\/\/almanimal.com\/fr\/wp-json\/wp\/v2\/posts\/19888\/revisions\/19969"}],"wp:featuredmedia":[{"embeddable":true,"href":"https:\/\/almanimal.com\/fr\/wp-json\/wp\/v2\/media\/19890"}],"wp:attachment":[{"href":"https:\/\/almanimal.com\/fr\/wp-json\/wp\/v2\/media?parent=19888"}],"wp:term":[{"taxonomy":"category","embeddable":true,"href":"https:\/\/almanimal.com\/fr\/wp-json\/wp\/v2\/categories?post=19888"},{"taxonomy":"post_tag","embeddable":true,"href":"https:\/\/almanimal.com\/fr\/wp-json\/wp\/v2\/tags?post=19888"}],"curies":[{"name":"wp","href":"https:\/\/api.w.org\/{rel}","templated":true}]}}