{"id":21815,"date":"2022-05-23T13:49:00","date_gmt":"2022-05-23T11:49:00","guid":{"rendered":"https:\/\/almanimal.com\/?p=21815"},"modified":"2022-05-02T11:08:28","modified_gmt":"2022-05-02T09:08:28","slug":"lours-polaire-en-danger-dextinction","status":"publish","type":"post","link":"https:\/\/almanimal.com\/fr\/curiosites\/lours-polaire-en-danger-dextinction\/","title":{"rendered":"L'ours polaire en danger d'extinction"},"content":{"rendered":"<p><strong>L'ours polaire est-il en danger ?<\/strong> Si vous vous posez cette question, vous \u00eates au bon endroit. L'ours polaire est en effet en danger d'extinction. <strong>depuis 2008<\/strong>lorsque les \u00c9tats-Unis ont inscrit cette esp\u00e8ce sur la liste des <a href=\"https:\/\/almanimal.com\/fr\/curiosites\/animaux-en-danger-dextinction\/\">une telle liste d'animaux.<\/a><\/p>\n\n\n\n<h2 class=\"wp-block-heading\">\u00c0 quoi ressemble un ours polaire ?<\/h2>\n\n\n\n<p>L'ours polaire porte le nom scientifique de<strong> ursus maritimus. <\/strong>\u00c0 ce titre, il est consid\u00e9r\u00e9 comme un mammif\u00e8re marin. En effet, l'ours blanc est un bon nageur. Il peut atteindre <strong>six miles par heure,<\/strong> avancer \u00e0 l'aide de ses pattes avant.<\/p>\n\n\n\n<p>Cette esp\u00e8ce est pr\u00e9sente dans le <strong>Glace de mer de l'oc\u00e9an Arctique<\/strong>Le phoque barbu, le morse du Pacifique et le b\u00e9luga, entre autres esp\u00e8ces. Pour survivre aux conditions climatiques de la r\u00e9gion et au froid extr\u00eame, l'ours polaire dispose d'un syst\u00e8me d'alimentation en eau. <strong>couche \u00e9paisse de graisse <\/strong>ce qui contribue \u00e0 l'isoler de la temp\u00e9rature ext\u00e9rieure.<\/p>\n\n\n\n<p>Le poids de l'ours polaire varie de <strong>360 et 590 kilogrammes.<\/strong> On a m\u00eame vu des sp\u00e9cimens pesant plus de 100 kilos. En outre, leur longueur peut atteindre jusqu'\u00e0 <strong>2,7 m\u00e8tres<\/strong>. Il s'agit donc d'un animal grand et imposant. Cependant, il a une petite t\u00eate par rapport \u00e0 d'autres types d'ours. Il est \u00e9galement de petite taille <strong>ses oreilles, ses yeux et son nez.<\/strong> La raison de ces proportions est la capacit\u00e9 \u00e0 r\u00e9duire la perte de chaleur corporelle \u00e0 travers ces cavit\u00e9s.<\/p>\n\n\n\n<p>Quant \u00e0 sa couleur blanche, elle lui permet de<strong> camouflage avec de la glace,<\/strong> ce qui lui conf\u00e8re un grand avantage lors de la chasse. Sur ce dernier point, l'ours polaire a un modus operandis de chasse tr\u00e8s caract\u00e9ristique et distinctif. Il se nourrit de <strong>phoques annel\u00e9s et phoques barbus<\/strong> principalement, ainsi que des b\u00e9lugas.<\/p>\n\n\n\n<h2 class=\"wp-block-heading\">L'ours polaire hiberne-t-il ?<\/h2>\n\n\n\n<p>Cette question est tr\u00e8s fr\u00e9quente. En r\u00e9alit\u00e9, contrairement \u00e0 d'autres animaux, les ours peuvent choisir de ne pas hiberner si les conditions sont favorables. Les ours hibernent parce que <strong>pendant l'hiver, leur source de nourriture est menac\u00e9e.<\/strong> Ainsi, pour survivre pendant ces mois sans nourriture, ils hibernent et font face \u00e0 la saison gr\u00e2ce \u00e0 la graisse accumul\u00e9e pendant l'ann\u00e9e.<\/p>\n\n\n\n<p>Quant aux ours polaires, ils ont tendance \u00e0 avoir une <strong>un niveau d'activit\u00e9 \u00e9lev\u00e9 pendant l'hiver, <\/strong>Ils n'hibernent donc pas. Au contraire, ils accumulent de la graisse pendant ces mois de l'ann\u00e9e pour se prot\u00e9ger du froid. En \u00e9t\u00e9, ils la perdent pour<strong> abaisser leur temp\u00e9rature corporelle.<\/strong><\/p>\n\n\n\n<h2 class=\"wp-block-heading\">Quelle est l'origine de l'ours polaire ?<\/h2>\n\n\n\n<p>L'ours polaire, ou ursus maritimus, est une esp\u00e8ce dont les caract\u00e9ristiques sont les suivantes<strong> plus de 600 000 ans.<\/strong> \u00c0 l'origine, on pensait que l'ours polaire \u00e9tait une lign\u00e9e d'ours bruns. Cependant, en 2012, le<strong> Consejo Superior de Investigaciones Cient\u00edficas (Conseil national de la recherche espagnol)<\/strong> (CSIC) a r\u00e9v\u00e9l\u00e9 de nouvelles donn\u00e9es tr\u00e8s int\u00e9ressantes sur l'histoire \u00e9volutive de l'ours polaire. Dans cette \u00e9tude, l'ADN nucl\u00e9aire de plusieurs ours polaires, bruns et noirs a \u00e9t\u00e9 \u00e9tudi\u00e9. Les r\u00e9sultats ont permis de conclure que les ours polaires et bruns sont n\u00e9s, il y a plus de 600 000 ans, d'une famille d'ours noirs. <strong>anc\u00eatre commun.<\/strong><\/p>\n\n\n\n<p>Selon ces nouvelles r\u00e9v\u00e9lations, le degr\u00e9 de dangerosit\u00e9 de l'ours polaire est bien plus \u00e9lev\u00e9. Initialement, avec l'hypoth\u00e8se que cette esp\u00e8ce \u00e9tait d\u00e9riv\u00e9e de l'ours brun, on pensait qu'elle avait une capacit\u00e9 d'adaptation plus importante que les autres esp\u00e8ces. <strong>un degr\u00e9 \u00e9lev\u00e9 d'adaptation aux conditions climatiques de leur r\u00e9gion<\/strong>. En revanche, avec les donn\u00e9es fournies par le CSIC, la r\u00e9alit\u00e9 de cette esp\u00e8ce est beaucoup plus compromise, comme il se peut <strong>plus sensibles aux effets du changement climatique <\/strong>dans l'Arctique.<\/p>\n\n\n\n<figure class=\"wp-block-image size-large\"><img fetchpriority=\"high\" decoding=\"async\" width=\"1000\" height=\"667\" src=\"https:\/\/almanimal.com\/wp-content\/uploads\/2022\/04\/Oso-polar-1000x667.jpg\" alt=\"L&#039;ours polaire en danger d&#039;extinction\" class=\"wp-image-21817\" srcset=\"https:\/\/almanimal.com\/wp-content\/uploads\/2022\/04\/Oso-polar-1000x667.jpg 1000w, https:\/\/almanimal.com\/wp-content\/uploads\/2022\/04\/Oso-polar-300x200.jpg 300w, https:\/\/almanimal.com\/wp-content\/uploads\/2022\/04\/Oso-polar-768x512.jpg 768w, https:\/\/almanimal.com\/wp-content\/uploads\/2022\/04\/Oso-polar-1536x1024.jpg 1536w, https:\/\/almanimal.com\/wp-content\/uploads\/2022\/04\/Oso-polar-2048x1365.jpg 2048w\" sizes=\"(max-width: 1000px) 100vw, 1000px\" \/><\/figure>\n\n\n\n<h2 class=\"wp-block-heading\">L'ours polaire est-il en danger d'extinction ?<\/h2>\n\n\n\n<p>Oui, l'ours polaire est actuellement en danger. Cette esp\u00e8ce figure dans la classification des <strong>Vuln\u00e9rable <\/strong>de l'Union internationale pour la conservation de la nature. Leur esp\u00e9rance de vie ne d\u00e9passe pas 30 ans, mais ceux qui l'atteignent ont de la chance. <strong>18 ans de vie<\/strong>. Selon l'organisation internationale <a href=\"https:\/\/www.worldwildlife.org\/descubre-wwf\/historias\/oso-polar#:~:text=Los%20osos%20polares%20est%C3%A1n%20clasificados,aire%20y%20el%20agua%20fr%C3%ADa.\" target=\"_blank\" rel=\"noreferrer noopener\">Fonds mondial pour la nature,<\/a> il y a environ<strong> 20 000 exemplaires dans le monde.<\/strong> Si la situation reste inchang\u00e9e, cette esp\u00e8ce dispara\u00eetra dans moins d'un si\u00e8cle.<\/p>\n\n\n\n<p>Vous vous demandez probablement pourquoi l'ours polaire est en voie d'extinction. Eh bien, le facteur humain joue ici un r\u00f4le majeur. La principale raison de la situation actuelle de cette esp\u00e8ce est la <strong>la perte d'habitat due au changement climatique<\/strong>. L'augmentation des temp\u00e9ratures dans l'oc\u00e9an Arctique entra\u00eene une fonte de la banquise arctique, qui constitue le terrain de chasse de l'esp\u00e8ce. Ces difficult\u00e9s d'alimentation conduisent l'esp\u00e8ce \u00e0 <strong>n'accumulent pas de r\u00e9serves de graisse <\/strong>ils doivent faire face au changement de saison et au froid.<\/p>\n\n\n\n<h3 class=\"wp-block-heading\">Secteur industriel<\/h3>\n\n\n\n<p>D'autre part, ce d\u00e9gel s'est av\u00e9r\u00e9 b\u00e9n\u00e9fique pour l'Union europ\u00e9enne. <strong>le secteur industriel,<\/strong> qui a su exploiter de vastes \u00e9tendues de terre et de mer. Ce d\u00e9veloppement industriel est tr\u00e8s dangereux pour l'ours polaire et sa survie. Ainsi, l <strong>pollution par les hydrocarbures <\/strong>est l'une des questions les plus pr\u00e9occupantes pour les organisations internationales qui luttent contre ce probl\u00e8me, comme le WWF. Ces op\u00e9rations p\u00e9troli\u00e8res, comme le souligne l'organisation, peuvent <strong>affectent l'ensemble de la cha\u00eene alimentaire de l'Arctique<\/strong>ainsi que l'expansion dans d'autres domaines.<\/p>\n\n\n\n<p>Tout cela invite les ours polaires \u00e0 fuir leur habitat naturel et \u00e0 chercher des zones plus s\u00fbres pour survivre. En cons\u00e9quence, ils sont contraints de <strong>coexister avec les \u00eatres humains,<\/strong> se nourrissant de leurs ordures et de leurs d\u00e9chets. Dans certains cas, les <strong>la chasse ill\u00e9gale et non durable,<\/strong> Ce qui est une raison suppl\u00e9mentaire pour laquelle cet animal majestueux est en danger.<\/p>\n\n\n\n<h2 class=\"wp-block-heading\">Des mesures sont-elles prises pour emp\u00eacher la disparition de l'ours polaire ?<\/h2>\n\n\n\n<p>Comme nous l'avons mentionn\u00e9, plusieurs associations unissent leurs forces pour emp\u00eacher la disparition de l'ours polaire. \u00c0 cette fin, elles mettent en \u0153uvre diff\u00e9rentes mesures, telles que la promotion dans les communaut\u00e9s les plus proches<strong> outils de dissuasion<\/strong>. Les conflits entre les ours polaires et les humains sont ainsi r\u00e9duits, ce qui am\u00e9liore la coexistence entre les deux esp\u00e8ces.<br \/>Bien entendu, une autre des mesures cl\u00e9s est la <strong>la r\u00e9duction des impacts industriels<\/strong>C'est le plus grand danger pour l'ours polaire. De m\u00eame, on cherche des moyens de prot\u00e9ger la zone de glace restante dans l'Arctique.<\/p>","protected":false},"excerpt":{"rendered":"<p>L'ours polaire est-il en danger d'extinction ? Dans cet article, nous vous disons tout sur cet animal majestueux et noble.<\/p>","protected":false},"author":20,"featured_media":21816,"comment_status":"open","ping_status":"open","sticky":false,"template":"","format":"standard","meta":{"footnotes":""},"categories":[1430],"tags":[1468,2909,2910],"class_list":["post-21815","post","type-post","status-publish","format-standard","has-post-thumbnail","hentry","category-curiosidades","tag-curiosidades","tag-oso-polar","tag-oso-polar-peligro-de-extincion"],"yoast_head":"<!-- This site is optimized with the Yoast SEO plugin v27.4 - https:\/\/yoast.com\/product\/yoast-seo-wordpress\/ -->\n<title>Oso polar en peligro de extinci\u00f3n<\/title>\n<meta name=\"description\" content=\"\u00bfEst\u00e1 el oso polar en peligro de extinci\u00f3n? En este art\u00edculo te contamos todo sobre este majestuoso y noble animal\" \/>\n<meta name=\"robots\" content=\"index, follow, max-snippet:-1, max-image-preview:large, max-video-preview:-1\" \/>\n<link rel=\"canonical\" href=\"https:\/\/almanimal.com\/fr\/curiosites\/lours-polaire-en-danger-dextinction\/\" \/>\n<meta property=\"og:locale\" content=\"fr_FR\" \/>\n<meta property=\"og:type\" content=\"article\" \/>\n<meta property=\"og:title\" content=\"Oso polar en peligro de extinci\u00f3n\" \/>\n<meta property=\"og:description\" content=\"\u00bfEst\u00e1 el oso polar en peligro de extinci\u00f3n? En este art\u00edculo te contamos todo sobre este majestuoso y noble animal\" \/>\n<meta property=\"og:url\" content=\"https:\/\/almanimal.com\/fr\/curiosites\/lours-polaire-en-danger-dextinction\/\" \/>\n<meta property=\"og:site_name\" content=\"Almanimal\" \/>\n<meta property=\"article:publisher\" content=\"https:\/\/www.facebook.com\/Lugarnia\/\" \/>\n<meta property=\"article:published_time\" content=\"2022-05-23T11:49:00+00:00\" \/>\n<meta property=\"og:image\" content=\"https:\/\/i0.wp.com\/almanimal.com\/wp-content\/uploads\/2022\/04\/Hembra-y-macho-de-oso-polar.jpg?fit=2400%2C1600&ssl=1\" \/>\n\t<meta property=\"og:image:width\" content=\"2400\" \/>\n\t<meta property=\"og:image:height\" content=\"1600\" \/>\n\t<meta property=\"og:image:type\" content=\"image\/jpeg\" \/>\n<meta name=\"author\" content=\"Iv\u00e1n Fresneda\" \/>\n<meta name=\"twitter:card\" content=\"summary_large_image\" \/>\n<meta name=\"twitter:creator\" content=\"@lugarnia_\" \/>\n<meta name=\"twitter:site\" content=\"@lugarnia_\" \/>\n<meta name=\"twitter:label1\" content=\"\u00c9crit par\" \/>\n\t<meta name=\"twitter:data1\" content=\"Iv\u00e1n Fresneda\" \/>\n\t<meta name=\"twitter:label2\" content=\"Dur\u00e9e de lecture estim\u00e9e\" \/>\n\t<meta name=\"twitter:data2\" content=\"6 minutes\" \/>\n<script type=\"application\/ld+json\" class=\"yoast-schema-graph\">{\"@context\":\"https:\\\/\\\/schema.org\",\"@graph\":[{\"@type\":\"Article\",\"@id\":\"https:\\\/\\\/almanimal.com\\\/curiosidades\\\/oso-polar-peligro-extincion\\\/#article\",\"isPartOf\":{\"@id\":\"https:\\\/\\\/almanimal.com\\\/curiosidades\\\/oso-polar-peligro-extincion\\\/\"},\"author\":{\"name\":\"Iv\u00e1n Fresneda\",\"@id\":\"https:\\\/\\\/almanimal.com\\\/#\\\/schema\\\/person\\\/6ed186ff065669ae7edab360e747304d\"},\"headline\":\"Oso polar en peligro de extinci\u00f3n\",\"datePublished\":\"2022-05-23T11:49:00+00:00\",\"mainEntityOfPage\":{\"@id\":\"https:\\\/\\\/almanimal.com\\\/curiosidades\\\/oso-polar-peligro-extincion\\\/\"},\"wordCount\":1127,\"commentCount\":0,\"publisher\":{\"@id\":\"https:\\\/\\\/almanimal.com\\\/#organization\"},\"image\":{\"@id\":\"https:\\\/\\\/almanimal.com\\\/curiosidades\\\/oso-polar-peligro-extincion\\\/#primaryimage\"},\"thumbnailUrl\":\"https:\\\/\\\/almanimal.com\\\/wp-content\\\/uploads\\\/2022\\\/04\\\/Hembra-y-macho-de-oso-polar.jpg\",\"keywords\":[\"curiosidades\",\"oso polar\",\"oso polar peligro de extinci\u00f3n\"],\"articleSection\":[\"Curiosidades\"],\"inLanguage\":\"fr-FR\",\"potentialAction\":[{\"@type\":\"CommentAction\",\"name\":\"Comment\",\"target\":[\"https:\\\/\\\/almanimal.com\\\/curiosidades\\\/oso-polar-peligro-extincion\\\/#respond\"]}]},{\"@type\":\"WebPage\",\"@id\":\"https:\\\/\\\/almanimal.com\\\/curiosidades\\\/oso-polar-peligro-extincion\\\/\",\"url\":\"https:\\\/\\\/almanimal.com\\\/curiosidades\\\/oso-polar-peligro-extincion\\\/\",\"name\":\"Oso polar en peligro de extinci\u00f3n\",\"isPartOf\":{\"@id\":\"https:\\\/\\\/almanimal.com\\\/#website\"},\"primaryImageOfPage\":{\"@id\":\"https:\\\/\\\/almanimal.com\\\/curiosidades\\\/oso-polar-peligro-extincion\\\/#primaryimage\"},\"image\":{\"@id\":\"https:\\\/\\\/almanimal.com\\\/curiosidades\\\/oso-polar-peligro-extincion\\\/#primaryimage\"},\"thumbnailUrl\":\"https:\\\/\\\/almanimal.com\\\/wp-content\\\/uploads\\\/2022\\\/04\\\/Hembra-y-macho-de-oso-polar.jpg\",\"datePublished\":\"2022-05-23T11:49:00+00:00\",\"description\":\"\u00bfEst\u00e1 el oso polar en peligro de extinci\u00f3n? En este art\u00edculo te contamos todo sobre este majestuoso y noble animal\",\"breadcrumb\":{\"@id\":\"https:\\\/\\\/almanimal.com\\\/curiosidades\\\/oso-polar-peligro-extincion\\\/#breadcrumb\"},\"inLanguage\":\"fr-FR\",\"potentialAction\":[{\"@type\":\"ReadAction\",\"target\":[\"https:\\\/\\\/almanimal.com\\\/curiosidades\\\/oso-polar-peligro-extincion\\\/\"]}]},{\"@type\":\"ImageObject\",\"inLanguage\":\"fr-FR\",\"@id\":\"https:\\\/\\\/almanimal.com\\\/curiosidades\\\/oso-polar-peligro-extincion\\\/#primaryimage\",\"url\":\"https:\\\/\\\/almanimal.com\\\/wp-content\\\/uploads\\\/2022\\\/04\\\/Hembra-y-macho-de-oso-polar.jpg\",\"contentUrl\":\"https:\\\/\\\/almanimal.com\\\/wp-content\\\/uploads\\\/2022\\\/04\\\/Hembra-y-macho-de-oso-polar.jpg\",\"width\":2400,\"height\":1600,\"caption\":\"Oso polar en peligro de extinci\u00f3n\"},{\"@type\":\"BreadcrumbList\",\"@id\":\"https:\\\/\\\/almanimal.com\\\/curiosidades\\\/oso-polar-peligro-extincion\\\/#breadcrumb\",\"itemListElement\":[{\"@type\":\"ListItem\",\"position\":1,\"name\":\"Inicio\",\"item\":\"https:\\\/\\\/almanimal.com\\\/\"},{\"@type\":\"ListItem\",\"position\":2,\"name\":\"Curiosidades\",\"item\":\"https:\\\/\\\/almanimal.com\\\/curiosidades\\\/\"},{\"@type\":\"ListItem\",\"position\":3,\"name\":\"Oso polar en peligro de extinci\u00f3n\"}]},{\"@type\":\"WebSite\",\"@id\":\"https:\\\/\\\/almanimal.com\\\/#website\",\"url\":\"https:\\\/\\\/almanimal.com\\\/\",\"name\":\"Almanimal\",\"description\":\"Revista de animales donde hablamos sobre perros, gatos, aves, peque\u00f1os mam\u00edferos, acuarios, terrarios y curiosidades del mundo animal.\",\"publisher\":{\"@id\":\"https:\\\/\\\/almanimal.com\\\/#organization\"},\"potentialAction\":[{\"@type\":\"SearchAction\",\"target\":{\"@type\":\"EntryPoint\",\"urlTemplate\":\"https:\\\/\\\/almanimal.com\\\/?s={search_term_string}\"},\"query-input\":{\"@type\":\"PropertyValueSpecification\",\"valueRequired\":true,\"valueName\":\"search_term_string\"}}],\"inLanguage\":\"fr-FR\"},{\"@type\":\"Organization\",\"@id\":\"https:\\\/\\\/almanimal.com\\\/#organization\",\"name\":\"Almanimal\",\"url\":\"https:\\\/\\\/almanimal.com\\\/\",\"logo\":{\"@type\":\"ImageObject\",\"inLanguage\":\"fr-FR\",\"@id\":\"https:\\\/\\\/almanimal.com\\\/#\\\/schema\\\/logo\\\/image\\\/\",\"url\":\"https:\\\/\\\/i2.wp.com\\\/almanimal.com\\\/wp-content\\\/uploads\\\/2019\\\/10\\\/almanimal_logo-nav-3.png?fit=400%2C100&ssl=1\",\"contentUrl\":\"https:\\\/\\\/i2.wp.com\\\/almanimal.com\\\/wp-content\\\/uploads\\\/2019\\\/10\\\/almanimal_logo-nav-3.png?fit=400%2C100&ssl=1\",\"width\":400,\"height\":100,\"caption\":\"Almanimal\"},\"image\":{\"@id\":\"https:\\\/\\\/almanimal.com\\\/#\\\/schema\\\/logo\\\/image\\\/\"},\"sameAs\":[\"https:\\\/\\\/www.facebook.com\\\/Lugarnia\\\/\",\"https:\\\/\\\/x.com\\\/lugarnia_\",\"https:\\\/\\\/www.instagram.com\\\/lugarnia\\\/\"]},{\"@type\":\"Person\",\"@id\":\"https:\\\/\\\/almanimal.com\\\/#\\\/schema\\\/person\\\/6ed186ff065669ae7edab360e747304d\",\"name\":\"Iv\u00e1n Fresneda\",\"image\":{\"@type\":\"ImageObject\",\"inLanguage\":\"fr-FR\",\"@id\":\"https:\\\/\\\/secure.gravatar.com\\\/avatar\\\/679537483addce5c0f78eeeee0668dd50e7ac9271515218de2d0dc202748741c?s=96&d=mm&r=g\",\"url\":\"https:\\\/\\\/secure.gravatar.com\\\/avatar\\\/679537483addce5c0f78eeeee0668dd50e7ac9271515218de2d0dc202748741c?s=96&d=mm&r=g\",\"contentUrl\":\"https:\\\/\\\/secure.gravatar.com\\\/avatar\\\/679537483addce5c0f78eeeee0668dd50e7ac9271515218de2d0dc202748741c?s=96&d=mm&r=g\",\"caption\":\"Iv\u00e1n Fresneda\"},\"url\":\"https:\\\/\\\/almanimal.com\\\/fr\\\/author\\\/ivanfc\\\/\"}]}<\/script>\n<!-- \/ Yoast SEO plugin. -->","yoast_head_json":{"title":"Oso polar en peligro de extinci\u00f3n","description":"\u00bfEst\u00e1 el oso polar en peligro de extinci\u00f3n? En este art\u00edculo te contamos todo sobre este majestuoso y noble animal","robots":{"index":"index","follow":"follow","max-snippet":"max-snippet:-1","max-image-preview":"max-image-preview:large","max-video-preview":"max-video-preview:-1"},"canonical":"https:\/\/almanimal.com\/fr\/curiosites\/lours-polaire-en-danger-dextinction\/","og_locale":"fr_FR","og_type":"article","og_title":"Oso polar en peligro de extinci\u00f3n","og_description":"\u00bfEst\u00e1 el oso polar en peligro de extinci\u00f3n? En este art\u00edculo te contamos todo sobre este majestuoso y noble animal","og_url":"https:\/\/almanimal.com\/fr\/curiosites\/lours-polaire-en-danger-dextinction\/","og_site_name":"Almanimal","article_publisher":"https:\/\/www.facebook.com\/Lugarnia\/","article_published_time":"2022-05-23T11:49:00+00:00","og_image":[{"width":2400,"height":1600,"url":"https:\/\/i0.wp.com\/almanimal.com\/wp-content\/uploads\/2022\/04\/Hembra-y-macho-de-oso-polar.jpg?fit=2400%2C1600&ssl=1","type":"image\/jpeg"}],"author":"Iv\u00e1n Fresneda","twitter_card":"summary_large_image","twitter_creator":"@lugarnia_","twitter_site":"@lugarnia_","twitter_misc":{"\u00c9crit par":"Iv\u00e1n Fresneda","Dur\u00e9e de lecture estim\u00e9e":"6 minutes"},"schema":{"@context":"https:\/\/schema.org","@graph":[{"@type":"Article","@id":"https:\/\/almanimal.com\/curiosidades\/oso-polar-peligro-extincion\/#article","isPartOf":{"@id":"https:\/\/almanimal.com\/curiosidades\/oso-polar-peligro-extincion\/"},"author":{"name":"Iv\u00e1n Fresneda","@id":"https:\/\/almanimal.com\/#\/schema\/person\/6ed186ff065669ae7edab360e747304d"},"headline":"Oso polar en peligro de extinci\u00f3n","datePublished":"2022-05-23T11:49:00+00:00","mainEntityOfPage":{"@id":"https:\/\/almanimal.com\/curiosidades\/oso-polar-peligro-extincion\/"},"wordCount":1127,"commentCount":0,"publisher":{"@id":"https:\/\/almanimal.com\/#organization"},"image":{"@id":"https:\/\/almanimal.com\/curiosidades\/oso-polar-peligro-extincion\/#primaryimage"},"thumbnailUrl":"https:\/\/almanimal.com\/wp-content\/uploads\/2022\/04\/Hembra-y-macho-de-oso-polar.jpg","keywords":["curiosidades","oso polar","oso polar peligro de extinci\u00f3n"],"articleSection":["Curiosidades"],"inLanguage":"fr-FR","potentialAction":[{"@type":"CommentAction","name":"Comment","target":["https:\/\/almanimal.com\/curiosidades\/oso-polar-peligro-extincion\/#respond"]}]},{"@type":"WebPage","@id":"https:\/\/almanimal.com\/curiosidades\/oso-polar-peligro-extincion\/","url":"https:\/\/almanimal.com\/curiosidades\/oso-polar-peligro-extincion\/","name":"Oso polar en peligro de extinci\u00f3n","isPartOf":{"@id":"https:\/\/almanimal.com\/#website"},"primaryImageOfPage":{"@id":"https:\/\/almanimal.com\/curiosidades\/oso-polar-peligro-extincion\/#primaryimage"},"image":{"@id":"https:\/\/almanimal.com\/curiosidades\/oso-polar-peligro-extincion\/#primaryimage"},"thumbnailUrl":"https:\/\/almanimal.com\/wp-content\/uploads\/2022\/04\/Hembra-y-macho-de-oso-polar.jpg","datePublished":"2022-05-23T11:49:00+00:00","description":"\u00bfEst\u00e1 el oso polar en peligro de extinci\u00f3n? En este art\u00edculo te contamos todo sobre este majestuoso y noble animal","breadcrumb":{"@id":"https:\/\/almanimal.com\/curiosidades\/oso-polar-peligro-extincion\/#breadcrumb"},"inLanguage":"fr-FR","potentialAction":[{"@type":"ReadAction","target":["https:\/\/almanimal.com\/curiosidades\/oso-polar-peligro-extincion\/"]}]},{"@type":"ImageObject","inLanguage":"fr-FR","@id":"https:\/\/almanimal.com\/curiosidades\/oso-polar-peligro-extincion\/#primaryimage","url":"https:\/\/almanimal.com\/wp-content\/uploads\/2022\/04\/Hembra-y-macho-de-oso-polar.jpg","contentUrl":"https:\/\/almanimal.com\/wp-content\/uploads\/2022\/04\/Hembra-y-macho-de-oso-polar.jpg","width":2400,"height":1600,"caption":"Oso polar en peligro de extinci\u00f3n"},{"@type":"BreadcrumbList","@id":"https:\/\/almanimal.com\/curiosidades\/oso-polar-peligro-extincion\/#breadcrumb","itemListElement":[{"@type":"ListItem","position":1,"name":"Inicio","item":"https:\/\/almanimal.com\/"},{"@type":"ListItem","position":2,"name":"Curiosidades","item":"https:\/\/almanimal.com\/curiosidades\/"},{"@type":"ListItem","position":3,"name":"Oso polar en peligro de extinci\u00f3n"}]},{"@type":"WebSite","@id":"https:\/\/almanimal.com\/#website","url":"https:\/\/almanimal.com\/","name":"Almanimal","description":"Revista de animales donde hablamos sobre perros, gatos, aves, peque\u00f1os mam\u00edferos, acuarios, terrarios y curiosidades del mundo animal.","publisher":{"@id":"https:\/\/almanimal.com\/#organization"},"potentialAction":[{"@type":"SearchAction","target":{"@type":"EntryPoint","urlTemplate":"https:\/\/almanimal.com\/?s={search_term_string}"},"query-input":{"@type":"PropertyValueSpecification","valueRequired":true,"valueName":"search_term_string"}}],"inLanguage":"fr-FR"},{"@type":"Organization","@id":"https:\/\/almanimal.com\/#organization","name":"Almanimal","url":"https:\/\/almanimal.com\/","logo":{"@type":"ImageObject","inLanguage":"fr-FR","@id":"https:\/\/almanimal.com\/#\/schema\/logo\/image\/","url":"https:\/\/i2.wp.com\/almanimal.com\/wp-content\/uploads\/2019\/10\/almanimal_logo-nav-3.png?fit=400%2C100&ssl=1","contentUrl":"https:\/\/i2.wp.com\/almanimal.com\/wp-content\/uploads\/2019\/10\/almanimal_logo-nav-3.png?fit=400%2C100&ssl=1","width":400,"height":100,"caption":"Almanimal"},"image":{"@id":"https:\/\/almanimal.com\/#\/schema\/logo\/image\/"},"sameAs":["https:\/\/www.facebook.com\/Lugarnia\/","https:\/\/x.com\/lugarnia_","https:\/\/www.instagram.com\/lugarnia\/"]},{"@type":"Person","@id":"https:\/\/almanimal.com\/#\/schema\/person\/6ed186ff065669ae7edab360e747304d","name":"Iv\u00e1n Fresneda","image":{"@type":"ImageObject","inLanguage":"fr-FR","@id":"https:\/\/secure.gravatar.com\/avatar\/679537483addce5c0f78eeeee0668dd50e7ac9271515218de2d0dc202748741c?s=96&d=mm&r=g","url":"https:\/\/secure.gravatar.com\/avatar\/679537483addce5c0f78eeeee0668dd50e7ac9271515218de2d0dc202748741c?s=96&d=mm&r=g","contentUrl":"https:\/\/secure.gravatar.com\/avatar\/679537483addce5c0f78eeeee0668dd50e7ac9271515218de2d0dc202748741c?s=96&d=mm&r=g","caption":"Iv\u00e1n Fresneda"},"url":"https:\/\/almanimal.com\/fr\/author\/ivanfc\/"}]}},"_links":{"self":[{"href":"https:\/\/almanimal.com\/fr\/wp-json\/wp\/v2\/posts\/21815","targetHints":{"allow":["GET"]}}],"collection":[{"href":"https:\/\/almanimal.com\/fr\/wp-json\/wp\/v2\/posts"}],"about":[{"href":"https:\/\/almanimal.com\/fr\/wp-json\/wp\/v2\/types\/post"}],"author":[{"embeddable":true,"href":"https:\/\/almanimal.com\/fr\/wp-json\/wp\/v2\/users\/20"}],"replies":[{"embeddable":true,"href":"https:\/\/almanimal.com\/fr\/wp-json\/wp\/v2\/comments?post=21815"}],"version-history":[{"count":2,"href":"https:\/\/almanimal.com\/fr\/wp-json\/wp\/v2\/posts\/21815\/revisions"}],"predecessor-version":[{"id":21828,"href":"https:\/\/almanimal.com\/fr\/wp-json\/wp\/v2\/posts\/21815\/revisions\/21828"}],"wp:featuredmedia":[{"embeddable":true,"href":"https:\/\/almanimal.com\/fr\/wp-json\/wp\/v2\/media\/21816"}],"wp:attachment":[{"href":"https:\/\/almanimal.com\/fr\/wp-json\/wp\/v2\/media?parent=21815"}],"wp:term":[{"taxonomy":"category","embeddable":true,"href":"https:\/\/almanimal.com\/fr\/wp-json\/wp\/v2\/categories?post=21815"},{"taxonomy":"post_tag","embeddable":true,"href":"https:\/\/almanimal.com\/fr\/wp-json\/wp\/v2\/tags?post=21815"}],"curies":[{"name":"wp","href":"https:\/\/api.w.org\/{rel}","templated":true}]}}